{"id":117,"date":"2024-08-15T15:07:09","date_gmt":"2024-08-15T18:07:09","guid":{"rendered":"https:\/\/www.cchla.ufpb.br\/cchlaemdebate\/?p=117"},"modified":"2025-05-20T10:19:35","modified_gmt":"2025-05-20T13:19:35","slug":"saiba-como-se-inscrever-nos-minicursos-do-cchla-em-debate","status":"publish","type":"post","link":"https:\/\/www.cchla.ufpb.br\/cchlaemdebate\/uncategorized\/saiba-como-se-inscrever-nos-minicursos-do-cchla-em-debate\/","title":{"rendered":"Saiba como se inscrever nos minicursos do CCHLA em Debate"},"content":{"rendered":"\n<p>J\u00e1 est\u00e3o abertas as inscri\u00e7\u00f5es para os minicursos do CCHLA em Debate. Eles ocorrer\u00e3o no dia 26\/08, nos hor\u00e1rios da manh\u00e3 e da tarde.<\/p>\n\n\n\n<p>A inscri\u00e7\u00e3o acontece via <a href=\"https:\/\/sigeventos.ufpb.br\/eventos\/public\/evento\/CCHLAemdebate2024\">SIGEventos<\/a>.<\/p>\n\n\n\n<p>O tutorial em v\u00eddeo sobre como se inscrever est\u00e1 disponivel no <a href=\"https:\/\/www.instagram.com\/p\/C-srjn1JZal\/\" data-type=\"link\" data-id=\"https:\/\/www.instagram.com\/p\/C-srjn1JZal\/\">Instagram do CCHLA.<\/a><\/p>\n\n\n","protected":false},"excerpt":{"rendered":"<p>J\u00e1 est\u00e3o abertas as inscri\u00e7\u00f5es para os minicursos do CCHLA em Debate. Eles ocorrer\u00e3o no [&hellip;]<\/p>\n","protected":false},"author":124,"featured_media":73,"comment_status":"closed","ping_status":"open","sticky":false,"template":"","format":"standard","meta":{"footnotes":""},"categories":[7,1],"tags":[],"class_list":["post-117","post","type-post","status-publish","format-standard","has-post-thumbnail","hentry","category-orientacoes","category-uncategorized"],"_links":{"self":[{"href":"https:\/\/www.cchla.ufpb.br\/cchlaemdebate\/wp-json\/wp\/v2\/posts\/117","targetHints":{"allow":["GET"]}}],"collection":[{"href":"https:\/\/www.cchla.ufpb.br\/cchlaemdebate\/wp-json\/wp\/v2\/posts"}],"about":[{"href":"https:\/\/www.cchla.ufpb.br\/cchlaemdebate\/wp-json\/wp\/v2\/types\/post"}],"author":[{"embeddable":true,"href":"https:\/\/www.cchla.ufpb.br\/cchlaemdebate\/wp-json\/wp\/v2\/users\/124"}],"replies":[{"embeddable":true,"href":"https:\/\/www.cchla.ufpb.br\/cchlaemdebate\/wp-json\/wp\/v2\/comments?post=117"}],"version-history":[{"count":2,"href":"https:\/\/www.cchla.ufpb.br\/cchlaemdebate\/wp-json\/wp\/v2\/posts\/117\/revisions"}],"predecessor-version":[{"id":120,"href":"https:\/\/www.cchla.ufpb.br\/cchlaemdebate\/wp-json\/wp\/v2\/posts\/117\/revisions\/120"}],"wp:featuredmedia":[{"embeddable":true,"href":"https:\/\/www.cchla.ufpb.br\/cchlaemdebate\/wp-json\/wp\/v2\/media\/73"}],"wp:attachment":[{"href":"https:\/\/www.cchla.ufpb.br\/cchlaemdebate\/wp-json\/wp\/v2\/media?parent=117"}],"wp:term":[{"taxonomy":"category","embeddable":true,"href":"https:\/\/www.cchla.ufpb.br\/cchlaemdebate\/wp-json\/wp\/v2\/categories?post=117"},{"taxonomy":"post_tag","embeddable":true,"href":"https:\/\/www.cchla.ufpb.br\/cchlaemdebate\/wp-json\/wp\/v2\/tags?post=117"}],"curies":[{"name":"wp","href":"https:\/\/api.w.org\/{rel}","templated":true}]}}