{"id":1086,"date":"2026-08-10T20:38:15","date_gmt":"2026-08-10T23:38:15","guid":{"rendered":"https:\/\/www.cchla.ufpb.br\/css\/?p=1086"},"modified":"2026-08-10T20:38:15","modified_gmt":"2026-08-10T23:38:15","slug":"sessao-publica-de-defesa-de-trabalho-de-conclusao-de-curso-emilly-araujo-de-melo","status":"publish","type":"post","link":"https:\/\/www.cchla.ufpb.br\/css\/uncategorized\/sessao-publica-de-defesa-de-trabalho-de-conclusao-de-curso-emilly-araujo-de-melo\/","title":{"rendered":"Sess\u00e3o P\u00fablica de Defesa de Trabalho de Conclus\u00e3o de Curso \u2013\u00a0\u00c9milly Ara\u00fajo de Melo"},"content":{"rendered":"\n<p class=\"wp-block-paragraph\">A Coordena\u00e7\u00e3o do Curso de Gradua\u00e7\u00e3o em Servi\u00e7o Social da UFPB convida a comunidade acad\u00eamica para a defesa p\u00fablica de Trabalho de Conclus\u00e3o de Curso (TCC) da(o) discente<strong>&nbsp;<\/strong><strong>\u00c9milly Ara\u00fajo de Melo<\/strong><\/p>\n\n\n\n<p class=\"wp-block-paragraph\"><strong>T\u00edtulo:<\/strong>&nbsp;A dificuldade do acesso e a perman\u00eancia dos alunos benefici\u00e1rios do aux\u00edlio moradia<\/p>\n\n\n\n<p class=\"wp-block-paragraph\"><strong>Data:<\/strong>&nbsp;13 de agosto de 2026<\/p>\n\n\n\n<p class=\"wp-block-paragraph\"><strong>Hor\u00e1rio:<\/strong>&nbsp;09h00min<\/p>\n\n\n\n<p class=\"wp-block-paragraph\"><strong>Local:<\/strong>&nbsp;LEPS\/CCHLA<\/p>\n\n\n\n<p class=\"wp-block-paragraph\"><strong>Orientador(a):<\/strong>&nbsp;Prof(a). Dr(a). Juary Lu\u00eds Chagas<\/p>\n\n\n\n<p class=\"wp-block-paragraph\"><strong>Banca Examinadora:<\/strong><\/p>\n\n\n\n<ul class=\"wp-block-list\">\n<li>Prof.(a) Dr(a). Fabr\u00edcio Rodrigues da Silva \u2013 Presidente(a)<\/li>\n<\/ul>\n\n\n\n<ul class=\"wp-block-list\">\n<li>Prof.(a)\u00a0Dr(a).\u00a0Alecsonia Pereira Araujo\u2013 Examinador(a)<\/li>\n\n\n\n<li>Assistente Social Mestra\u00a0Thais Lopes Vasconcelos\u00a0\u2013 Examinador(a)<\/li>\n<\/ul>\n\n\n\n<p class=\"wp-block-paragraph\">As defesas de TCC possuem car\u00e1ter p\u00fablico, conforme a Resolu\u00e7\u00e3o n\u00ba 02\/2015 \u2013 CCGSS\/CCHLA\/UFPB.&nbsp;<\/p>\n\n\n\n<p class=\"wp-block-paragraph\">A Coordena\u00e7\u00e3o do Curso deseja \u00e0 discente uma excelente apresenta\u00e7\u00e3o e convida a comunidade acad\u00eamica a prestigiar este momento de socializa\u00e7\u00e3o do conhecimento.<\/p>\n\n\n\n<p class=\"wp-block-paragraph\">Atenciosamente,<\/p>\n\n\n\n<p class=\"wp-block-paragraph\">Prof. Dr. Fabr\u00edcio Rodrigues \u2013 Coordenador&nbsp;<\/p>\n\n\n\n<p class=\"wp-block-paragraph\">Profa. Dra. Edna Tania \u2013 Vice Coordenadora<\/p>\n\n\n\n<p class=\"wp-block-paragraph\">Coordena\u00e7\u00e3o do Curso de Gradua\u00e7\u00e3o em Servi\u00e7o Social \u2013 CCSS\/CCHLA\/UFPB<\/p>\n","protected":false},"excerpt":{"rendered":"<p>A Coordena\u00e7\u00e3o do Curso de Gradua\u00e7\u00e3o em Servi\u00e7o Social da UFPB convida a comunidade acad\u00eamica para a defesa p\u00fablica de Trabalho de Conclus\u00e3o de Curso (TCC) da(o) discente&nbsp;\u00c9milly Ara\u00fajo de Melo T\u00edtulo:&nbsp;A dificuldade do acesso e a perman\u00eancia dos alunos benefici\u00e1rios do aux\u00edlio moradia Data:&nbsp;13 de agosto de 2026 Hor\u00e1rio:&nbsp;09h00min Local:&nbsp;LEPS\/CCHLA Orientador(a):&nbsp;Prof(a). Dr(a). Juary Lu\u00eds [&hellip;]<\/p>\n","protected":false},"author":247,"featured_media":913,"comment_status":"closed","ping_status":"open","sticky":false,"template":"","format":"standard","meta":{"footnotes":""},"categories":[1],"tags":[],"class_list":["post-1086","post","type-post","status-publish","format-standard","has-post-thumbnail","hentry","category-uncategorized"],"_links":{"self":[{"href":"https:\/\/www.cchla.ufpb.br\/css\/wp-json\/wp\/v2\/posts\/1086","targetHints":{"allow":["GET"]}}],"collection":[{"href":"https:\/\/www.cchla.ufpb.br\/css\/wp-json\/wp\/v2\/posts"}],"about":[{"href":"https:\/\/www.cchla.ufpb.br\/css\/wp-json\/wp\/v2\/types\/post"}],"author":[{"embeddable":true,"href":"https:\/\/www.cchla.ufpb.br\/css\/wp-json\/wp\/v2\/users\/247"}],"replies":[{"embeddable":true,"href":"https:\/\/www.cchla.ufpb.br\/css\/wp-json\/wp\/v2\/comments?post=1086"}],"version-history":[{"count":1,"href":"https:\/\/www.cchla.ufpb.br\/css\/wp-json\/wp\/v2\/posts\/1086\/revisions"}],"predecessor-version":[{"id":1087,"href":"https:\/\/www.cchla.ufpb.br\/css\/wp-json\/wp\/v2\/posts\/1086\/revisions\/1087"}],"wp:featuredmedia":[{"embeddable":true,"href":"https:\/\/www.cchla.ufpb.br\/css\/wp-json\/wp\/v2\/media\/913"}],"wp:attachment":[{"href":"https:\/\/www.cchla.ufpb.br\/css\/wp-json\/wp\/v2\/media?parent=1086"}],"wp:term":[{"taxonomy":"category","embeddable":true,"href":"https:\/\/www.cchla.ufpb.br\/css\/wp-json\/wp\/v2\/categories?post=1086"},{"taxonomy":"post_tag","embeddable":true,"href":"https:\/\/www.cchla.ufpb.br\/css\/wp-json\/wp\/v2\/tags?post=1086"}],"curies":[{"name":"wp","href":"https:\/\/api.w.org\/{rel}","templated":true}]}}