{"id":1093,"date":"2026-08-13T19:17:13","date_gmt":"2026-08-13T22:17:13","guid":{"rendered":"https:\/\/www.cchla.ufpb.br\/css\/?p=1093"},"modified":"2026-08-13T19:27:33","modified_gmt":"2026-08-13T22:27:33","slug":"informe-registro-de-medias-finais-e-matricula-de-discentes-veterano","status":"publish","type":"post","link":"https:\/\/www.cchla.ufpb.br\/css\/uncategorized\/informe-registro-de-medias-finais-e-matricula-de-discentes-veterano\/","title":{"rendered":"Informe \u2013 registro de m\u00e9dias finais e matr\u00edcula de discentes veterano"},"content":{"rendered":"\n<p class=\"wp-block-paragraph\">Prezados(as) docentes,<\/p>\n\n\n\n<p class=\"wp-block-paragraph\">Considerando o Calend\u00e1rio Acad\u00eamico 2026.1, informamos que o per\u00edodo para registro de&nbsp;<strong>M\u00e9dias Finais no SIGAA ocorre de 13 a 18 de agosto de 2026<\/strong>,&nbsp;<strong>coincidindo com o per\u00edodo de matr\u00edcula dos(as) discentes veteranos(as) no SIGAA (dias 18 e 19 de agosto de 2026).<\/strong><\/p>\n\n\n\n<p class=\"wp-block-paragraph\">Dessa forma, solicitamos, cordialmente, que os(as) docentes, sempre que poss\u00edvel, consolidem e registrem as m\u00e9dias finais at\u00e9 o dia&nbsp;<strong>17 de agosto de 2026<\/strong>, a fim de evitar eventuais preju\u00edzos aos(\u00e0s) discentes e contribuir para o adequado fluxo do processo de matr\u00edcula.<\/p>\n\n\n\n<p class=\"wp-block-paragraph\">A antecipa\u00e7\u00e3o do registro das notas permitir\u00e1 que os(as) discentes tenham seus hist\u00f3ricos acad\u00eamicos atualizados em tempo h\u00e1bil, especialmente nos casos em que a aprova\u00e7\u00e3o em determinada componente curricular seja necess\u00e1ria para a realiza\u00e7\u00e3o da matr\u00edcula em disciplinas subsequentes.<\/p>\n\n\n\n<p class=\"wp-block-paragraph\">Agradecemos, desde j\u00e1, a colabora\u00e7\u00e3o e a compreens\u00e3o de todos(as).<\/p>\n\n\n\n<p class=\"wp-block-paragraph\">Atenciosamente,<\/p>\n\n\n\n<p class=\"wp-block-paragraph\">Prof. Dr. Fabr\u00edcio Rodrigues \u2013 Coordenador&nbsp;<\/p>\n\n\n\n<p class=\"wp-block-paragraph\">Profa. Dra. Edna Tania \u2013 Vice Coordenadora<\/p>\n\n\n\n<p class=\"wp-block-paragraph\">Coordena\u00e7\u00e3o do Curso de Gradua\u00e7\u00e3o em Servi\u00e7o Social \u2013 CCSS\/CCHLA\/UFPB<\/p>\n\n\n\n<p class=\"wp-block-paragraph\"><\/p>\n\n\n\n<div data-wp-interactive=\"core\/file\" class=\"wp-block-file\"><object data-wp-bind--hidden=\"!state.hasPdfPreview\" hidden class=\"wp-block-file__embed\" data=\"https:\/\/www.cchla.ufpb.br\/css\/wp-content\/uploads\/sites\/122\/sites\/274\/2026\/08\/2026-05-27-CALENDRIO_ACADMICO_CURSOS_PRESENCIAIS_2026.1_retificado_2.pdf\" type=\"application\/pdf\" style=\"width:100%;height:600px\" aria-label=\"Incorporado de 2026-05-27-CALENDRIO_ACADMICO_CURSOS_PRESENCIAIS_2026.1_retificado_2.\"><\/object><a id=\"wp-block-file--media-a2782650-cb62-4735-a846-1cf3a2a331f8\" href=\"https:\/\/www.cchla.ufpb.br\/css\/wp-content\/uploads\/sites\/122\/sites\/274\/2026\/08\/2026-05-27-CALENDRIO_ACADMICO_CURSOS_PRESENCIAIS_2026.1_retificado_2.pdf\">2026-05-27-CALENDRIO_ACADMICO_CURSOS_PRESENCIAIS_2026.1_retificado_2<\/a><a href=\"https:\/\/www.cchla.ufpb.br\/css\/wp-content\/uploads\/sites\/122\/sites\/274\/2026\/08\/2026-05-27-CALENDRIO_ACADMICO_CURSOS_PRESENCIAIS_2026.1_retificado_2.pdf\" class=\"wp-block-file__button wp-element-button\" download aria-describedby=\"wp-block-file--media-a2782650-cb62-4735-a846-1cf3a2a331f8\">Baixar<\/a><\/div>\n\n\n\n<div data-wp-interactive=\"core\/file\" class=\"wp-block-file\"><object data-wp-bind--hidden=\"!state.hasPdfPreview\" hidden class=\"wp-block-file__embed\" data=\"https:\/\/www.cchla.ufpb.br\/css\/wp-content\/uploads\/sites\/122\/sites\/274\/2026\/08\/CALENDARIO-ACADEMICO-CURSOS-PRESENCIAIS-2026.2-retificado.pdf\" type=\"application\/pdf\" style=\"width:100%;height:600px\" aria-label=\"Incorporado de CALEND\u00c1RIO ACAD\u00caMICO CURSOS PRESENCIAIS 2026.2 retificado.\"><\/object><a id=\"wp-block-file--media-07ca9ed7-de5f-4d60-9cb5-a6636add0061\" href=\"https:\/\/www.cchla.ufpb.br\/css\/wp-content\/uploads\/sites\/122\/sites\/274\/2026\/08\/CALENDARIO-ACADEMICO-CURSOS-PRESENCIAIS-2026.2-retificado.pdf\">CALEND\u00c1RIO ACAD\u00caMICO CURSOS PRESENCIAIS 2026.2 retificado<\/a><a href=\"https:\/\/www.cchla.ufpb.br\/css\/wp-content\/uploads\/sites\/122\/sites\/274\/2026\/08\/CALENDARIO-ACADEMICO-CURSOS-PRESENCIAIS-2026.2-retificado.pdf\" class=\"wp-block-file__button wp-element-button\" download aria-describedby=\"wp-block-file--media-07ca9ed7-de5f-4d60-9cb5-a6636add0061\">Baixar<\/a><\/div>\n","protected":false},"excerpt":{"rendered":"<p>Prezados(as) docentes, Considerando o Calend\u00e1rio Acad\u00eamico 2026.1, informamos que o per\u00edodo para registro de&nbsp;M\u00e9dias Finais no SIGAA ocorre de 13 a 18 de agosto de 2026,&nbsp;coincidindo com o per\u00edodo de matr\u00edcula dos(as) discentes veteranos(as) no SIGAA (dias 18 e 19 de agosto de 2026). Dessa forma, solicitamos, cordialmente, que os(as) docentes, sempre que poss\u00edvel, consolidem [&hellip;]<\/p>\n","protected":false},"author":247,"featured_media":301,"comment_status":"closed","ping_status":"open","sticky":false,"template":"","format":"standard","meta":{"footnotes":""},"categories":[1],"tags":[],"class_list":["post-1093","post","type-post","status-publish","format-standard","has-post-thumbnail","hentry","category-uncategorized"],"_links":{"self":[{"href":"https:\/\/www.cchla.ufpb.br\/css\/wp-json\/wp\/v2\/posts\/1093","targetHints":{"allow":["GET"]}}],"collection":[{"href":"https:\/\/www.cchla.ufpb.br\/css\/wp-json\/wp\/v2\/posts"}],"about":[{"href":"https:\/\/www.cchla.ufpb.br\/css\/wp-json\/wp\/v2\/types\/post"}],"author":[{"embeddable":true,"href":"https:\/\/www.cchla.ufpb.br\/css\/wp-json\/wp\/v2\/users\/247"}],"replies":[{"embeddable":true,"href":"https:\/\/www.cchla.ufpb.br\/css\/wp-json\/wp\/v2\/comments?post=1093"}],"version-history":[{"count":2,"href":"https:\/\/www.cchla.ufpb.br\/css\/wp-json\/wp\/v2\/posts\/1093\/revisions"}],"predecessor-version":[{"id":1098,"href":"https:\/\/www.cchla.ufpb.br\/css\/wp-json\/wp\/v2\/posts\/1093\/revisions\/1098"}],"wp:featuredmedia":[{"embeddable":true,"href":"https:\/\/www.cchla.ufpb.br\/css\/wp-json\/wp\/v2\/media\/301"}],"wp:attachment":[{"href":"https:\/\/www.cchla.ufpb.br\/css\/wp-json\/wp\/v2\/media?parent=1093"}],"wp:term":[{"taxonomy":"category","embeddable":true,"href":"https:\/\/www.cchla.ufpb.br\/css\/wp-json\/wp\/v2\/categories?post=1093"},{"taxonomy":"post_tag","embeddable":true,"href":"https:\/\/www.cchla.ufpb.br\/css\/wp-json\/wp\/v2\/tags?post=1093"}],"curies":[{"name":"wp","href":"https:\/\/api.w.org\/{rel}","templated":true}]}}