{"id":1109,"date":"2026-08-14T22:12:05","date_gmt":"2026-08-15T01:12:05","guid":{"rendered":"https:\/\/www.cchla.ufpb.br\/css\/?p=1109"},"modified":"2026-08-14T22:12:05","modified_gmt":"2026-08-15T01:12:05","slug":"matricula-dosas-discentes-ingressantes-do-semestre-2026-1-no-sigaa-online","status":"publish","type":"post","link":"https:\/\/www.cchla.ufpb.br\/css\/uncategorized\/matricula-dosas-discentes-ingressantes-do-semestre-2026-1-no-sigaa-online\/","title":{"rendered":"Matr\u00edcula dos(as) discentes ingressantes do semestre 2026.1 no SIGAA (online)"},"content":{"rendered":"\n<p class=\"wp-block-paragraph\"><\/p>\n\n\n\n<p class=\"wp-block-paragraph\">Prezados(as) discentes ingressantes do Curso de Gradua\u00e7\u00e3o em Servi\u00e7o Social \u2013 CSS\/CCHLA\/UFPB, semestre 2026.1,<\/p>\n\n\n\n<p class=\"wp-block-paragraph\"><\/p>\n\n\n\n<p class=\"wp-block-paragraph\">A Coordena\u00e7\u00e3o do Curso de Gradua\u00e7\u00e3o em Servi\u00e7o Social \u2013 CSS\/CCHLA\/UFPB vem, por meio deste, informar que,\u00a0<strong>a partir do 2\u00ba (segundo) semestre do curso (2026.2), a matr\u00edcula ser\u00e1 realizada pelos pr\u00f3prios discentes, por meio do Sistema SIGAA (online).<\/strong><\/p>\n\n\n\n<p class=\"wp-block-paragraph\"><\/p>\n\n\n\n<p class=\"wp-block-paragraph\">Acesse, no link a seguir,&nbsp;<strong>o tutorial que explica como efetuar a matr\u00edcula no SIGAA:<\/strong><br><a href=\"https:\/\/www.youtube.com\/watch?v=y15lIeqXVP8\">https:\/\/www.youtube.com\/watch?v=y15lIeqXVP8<\/a>.<\/p>\n\n\n\n<p class=\"wp-block-paragraph\"><\/p>\n\n\n\n<p class=\"wp-block-paragraph\">Verifique, na programa\u00e7\u00e3o acad\u00eamica do semestre 2026.2, as disciplinas obrigat\u00f3rias ofertadas para o seu per\u00edodo regular \u2014 ou seja,&nbsp;<strong>o 2\u00ba (segundo) per\u00edodo do curso<\/strong>&nbsp;\u2014, bem como as disciplinas optativas de livre escolha.<\/p>\n\n\n\n<p class=\"wp-block-paragraph\">A Coordena\u00e7\u00e3o do Curso de Gradua\u00e7\u00e3o em Servi\u00e7o Social \u2013 CSS\/CCHLA\/UFPB permanece \u00e0 disposi\u00e7\u00e3o por meio dos canais oficiais de comunica\u00e7\u00e3o e do atendimento presencial, conforme agenda de atendimento<strong>, para orientar sobre os procedimentos de matr\u00edcula.<\/strong><\/p>\n\n\n\n<p class=\"wp-block-paragraph\"><\/p>\n\n\n\n<p class=\"wp-block-paragraph\">Jo\u00e3o Pessoa \u2013 PB, 14 de agosto de 2026<\/p>\n\n\n\n<p class=\"wp-block-paragraph\"><\/p>\n\n\n\n<p class=\"wp-block-paragraph\">Atenciosamente,<\/p>\n\n\n\n<p class=\"wp-block-paragraph\">Prof. Dr. Fabr\u00edcio Rodrigues \u2013 Coordenador&nbsp;<\/p>\n\n\n\n<p class=\"wp-block-paragraph\">Profa. Dra. Edna Tania \u2013 Vice Coordenadora<\/p>\n\n\n\n<p class=\"wp-block-paragraph\">Coordena\u00e7\u00e3o do Curso de Gradua\u00e7\u00e3o em Servi\u00e7o Social \u2013 CCSS\/CCHLA\/UFPB<\/p>\n\n\n\n<p class=\"wp-block-paragraph\">E-mail:&nbsp;<a href=\"mailto:css@cchla\/ufpb.br\">css@cchla\/ufpb.br<\/a><\/p>\n","protected":false},"excerpt":{"rendered":"<p>Prezados(as) discentes ingressantes do Curso de Gradua\u00e7\u00e3o em Servi\u00e7o Social \u2013 CSS\/CCHLA\/UFPB, semestre 2026.1, A Coordena\u00e7\u00e3o do Curso de Gradua\u00e7\u00e3o em Servi\u00e7o Social \u2013 CSS\/CCHLA\/UFPB vem, por meio deste, informar que,\u00a0a partir do 2\u00ba (segundo) semestre do curso (2026.2), a matr\u00edcula ser\u00e1 realizada pelos pr\u00f3prios discentes, por meio do Sistema SIGAA (online). Acesse, no link [&hellip;]<\/p>\n","protected":false},"author":247,"featured_media":301,"comment_status":"closed","ping_status":"open","sticky":false,"template":"","format":"standard","meta":{"footnotes":""},"categories":[1],"tags":[],"class_list":["post-1109","post","type-post","status-publish","format-standard","has-post-thumbnail","hentry","category-uncategorized"],"_links":{"self":[{"href":"https:\/\/www.cchla.ufpb.br\/css\/wp-json\/wp\/v2\/posts\/1109","targetHints":{"allow":["GET"]}}],"collection":[{"href":"https:\/\/www.cchla.ufpb.br\/css\/wp-json\/wp\/v2\/posts"}],"about":[{"href":"https:\/\/www.cchla.ufpb.br\/css\/wp-json\/wp\/v2\/types\/post"}],"author":[{"embeddable":true,"href":"https:\/\/www.cchla.ufpb.br\/css\/wp-json\/wp\/v2\/users\/247"}],"replies":[{"embeddable":true,"href":"https:\/\/www.cchla.ufpb.br\/css\/wp-json\/wp\/v2\/comments?post=1109"}],"version-history":[{"count":1,"href":"https:\/\/www.cchla.ufpb.br\/css\/wp-json\/wp\/v2\/posts\/1109\/revisions"}],"predecessor-version":[{"id":1110,"href":"https:\/\/www.cchla.ufpb.br\/css\/wp-json\/wp\/v2\/posts\/1109\/revisions\/1110"}],"wp:featuredmedia":[{"embeddable":true,"href":"https:\/\/www.cchla.ufpb.br\/css\/wp-json\/wp\/v2\/media\/301"}],"wp:attachment":[{"href":"https:\/\/www.cchla.ufpb.br\/css\/wp-json\/wp\/v2\/media?parent=1109"}],"wp:term":[{"taxonomy":"category","embeddable":true,"href":"https:\/\/www.cchla.ufpb.br\/css\/wp-json\/wp\/v2\/categories?post=1109"},{"taxonomy":"post_tag","embeddable":true,"href":"https:\/\/www.cchla.ufpb.br\/css\/wp-json\/wp\/v2\/tags?post=1109"}],"curies":[{"name":"wp","href":"https:\/\/api.w.org\/{rel}","templated":true}]}}