{"id":1128,"date":"2026-08-23T00:48:46","date_gmt":"2026-08-23T03:48:46","guid":{"rendered":"https:\/\/www.cchla.ufpb.br\/css\/?p=1128"},"modified":"2026-08-23T00:49:13","modified_gmt":"2026-08-23T03:49:13","slug":"selecao-de-discentes-para-a-ii-mostra-discente-de-servico-social-da-ufpb","status":"publish","type":"post","link":"https:\/\/www.cchla.ufpb.br\/css\/uncategorized\/selecao-de-discentes-para-a-ii-mostra-discente-de-servico-social-da-ufpb\/","title":{"rendered":"Sele\u00e7\u00e3o de discentes para a II Mostra Discente de Servi\u00e7o Social da UFPB"},"content":{"rendered":"\n<p class=\"wp-block-paragraph\"><strong>Prezados(as) discentes do Curso de Gradua\u00e7\u00e3o em Servi\u00e7o Social da UFPB,<\/strong><\/p>\n\n\n\n<p class=\"wp-block-paragraph\">A Comiss\u00e3o Organizadora da&nbsp;<strong>II Mostra Discente de Servi\u00e7o Social da UFPB: experi\u00eancias em Est\u00e1gio Supervisionado, Pesquisa, Extens\u00e3o, Ensino e Trabalho de Conclus\u00e3o de Curso (TCC)<\/strong>&nbsp;est\u00e1 selecionando discentes com experi\u00eancias nas atividades mencionadas para participarem da segunda edi\u00e7\u00e3o da Mostra.<\/p>\n\n\n\n<p class=\"wp-block-paragraph\"><strong>Data:<\/strong>&nbsp;01 de setembro de 2026 (ter\u00e7a-feira)<br><strong>Hor\u00e1rio:<\/strong>&nbsp;19h \u00e0s 21h30<br><strong>Local:<\/strong>&nbsp;Audit\u00f3rio 411 do CCHLA<br><strong>Certifica\u00e7\u00e3o:<\/strong>&nbsp;4 horas<\/p>\n\n\n\n<p class=\"wp-block-paragraph\">Ser\u00e3o selecionados(as)\u00a0<strong>dois(duas) discentes por modalidade<\/strong>:<\/p>\n\n\n\n<ul class=\"wp-block-list\">\n<li>Est\u00e1gio Supervisionado obrigat\u00f3rio;<\/li>\n\n\n\n<li>Est\u00e1gio Supervisionado N\u00e3o Obrigat\u00f3rio;<\/li>\n\n\n\n<li>Pesquisa;<\/li>\n\n\n\n<li>Extens\u00e3o;<\/li>\n\n\n\n<li>Ensino;<\/li>\n\n\n\n<li>Trabalho de Conclus\u00e3o de Curso (TCC).<\/li>\n<\/ul>\n\n\n\n<p class=\"wp-block-paragraph\">As vagas ser\u00e3o preenchidas&nbsp;<strong>por ordem de inscri\u00e7\u00e3o<\/strong>, sendo selecionados(as) os(as) dois(duas) primeiros(as) inscritos(as) em cada modalidade.<\/p>\n\n\n\n<p class=\"wp-block-paragraph\">Cada apresenta\u00e7\u00e3o ter\u00e1 dura\u00e7\u00e3o de&nbsp;<strong>10 minutos<\/strong>&nbsp;e dever\u00e1 abordar, preferencialmente:<\/p>\n\n\n\n<ul class=\"wp-block-list\">\n<li>a experi\u00eancia desenvolvida;<\/li>\n\n\n\n<li>as principais caracter\u00edsticas da atividade;<\/li>\n\n\n\n<li>a import\u00e2ncia da experi\u00eancia para a forma\u00e7\u00e3o profissional e pessoal;<\/li>\n\n\n\n<li>uma avalia\u00e7\u00e3o pessoal sobre a atividade;<\/li>\n\n\n\n<li>outros aspectos que o(a) discente considere pertinentes.<\/li>\n<\/ul>\n\n\n\n<p class=\"wp-block-paragraph\"><strong>Inscreva-se:<\/strong>&nbsp;<a href=\"https:\/\/docs.google.com\/forms\/d\/e\/1FAIpQLSc0KR2Q0SlV0aJffGdh373hNSlK8vvOsrlWPvAvI81YUDXlJQ\/viewform?usp=publish-editor\">https:\/\/docs.google.com\/forms\/d\/e\/1FAIpQLSc0KR2Q0SlV0aJffGdh373hNSlK8vvOsrlWPvAvI81YUDXlJQ\/viewform?usp=publish-editor<\/a><\/p>\n\n\n\n<p class=\"wp-block-paragraph\"><strong>Venha compartilhar sua experi\u00eancia e contribuir para a II Mostra Discente de Servi\u00e7o Social da UFPB!<\/strong><\/p>\n\n\n\n<p class=\"wp-block-paragraph\">Atenciosamente,<\/p>\n\n\n\n<p class=\"wp-block-paragraph\"><strong>Comiss\u00e3o Organizadora<\/strong><\/p>\n\n\n\n<p class=\"wp-block-paragraph\">Coordena\u00e7\u00e3o do Curso de Gradua\u00e7\u00e3o em Servi\u00e7o Social<\/p>\n\n\n\n<p class=\"wp-block-paragraph\">Departamento de Servi\u00e7o Social<\/p>\n\n\n\n<p class=\"wp-block-paragraph\">Coordena\u00e7\u00e3o de Est\u00e1gio<\/p>\n\n\n\n<p class=\"wp-block-paragraph\">Centro Acad\u00eamico de Servi\u00e7o Social Luciana Cantalice da Universidade Federal da Para\u00edba (UFPB)<\/p>\n\n\n\n<p class=\"wp-block-paragraph\"><\/p>\n","protected":false},"excerpt":{"rendered":"<p>Prezados(as) discentes do Curso de Gradua\u00e7\u00e3o em Servi\u00e7o Social da UFPB, A Comiss\u00e3o Organizadora da&nbsp;II Mostra Discente de Servi\u00e7o Social da UFPB: experi\u00eancias em Est\u00e1gio Supervisionado, Pesquisa, Extens\u00e3o, Ensino e Trabalho de Conclus\u00e3o de Curso (TCC)&nbsp;est\u00e1 selecionando discentes com experi\u00eancias nas atividades mencionadas para participarem da segunda edi\u00e7\u00e3o da Mostra. Data:&nbsp;01 de setembro de 2026 [&hellip;]<\/p>\n","protected":false},"author":247,"featured_media":772,"comment_status":"closed","ping_status":"open","sticky":false,"template":"","format":"standard","meta":{"footnotes":""},"categories":[1],"tags":[],"class_list":["post-1128","post","type-post","status-publish","format-standard","has-post-thumbnail","hentry","category-uncategorized"],"_links":{"self":[{"href":"https:\/\/www.cchla.ufpb.br\/css\/wp-json\/wp\/v2\/posts\/1128","targetHints":{"allow":["GET"]}}],"collection":[{"href":"https:\/\/www.cchla.ufpb.br\/css\/wp-json\/wp\/v2\/posts"}],"about":[{"href":"https:\/\/www.cchla.ufpb.br\/css\/wp-json\/wp\/v2\/types\/post"}],"author":[{"embeddable":true,"href":"https:\/\/www.cchla.ufpb.br\/css\/wp-json\/wp\/v2\/users\/247"}],"replies":[{"embeddable":true,"href":"https:\/\/www.cchla.ufpb.br\/css\/wp-json\/wp\/v2\/comments?post=1128"}],"version-history":[{"count":2,"href":"https:\/\/www.cchla.ufpb.br\/css\/wp-json\/wp\/v2\/posts\/1128\/revisions"}],"predecessor-version":[{"id":1130,"href":"https:\/\/www.cchla.ufpb.br\/css\/wp-json\/wp\/v2\/posts\/1128\/revisions\/1130"}],"wp:featuredmedia":[{"embeddable":true,"href":"https:\/\/www.cchla.ufpb.br\/css\/wp-json\/wp\/v2\/media\/772"}],"wp:attachment":[{"href":"https:\/\/www.cchla.ufpb.br\/css\/wp-json\/wp\/v2\/media?parent=1128"}],"wp:term":[{"taxonomy":"category","embeddable":true,"href":"https:\/\/www.cchla.ufpb.br\/css\/wp-json\/wp\/v2\/categories?post=1128"},{"taxonomy":"post_tag","embeddable":true,"href":"https:\/\/www.cchla.ufpb.br\/css\/wp-json\/wp\/v2\/tags?post=1128"}],"curies":[{"name":"wp","href":"https:\/\/api.w.org\/{rel}","templated":true}]}}