{"id":1131,"date":"2026-08-24T18:58:04","date_gmt":"2026-08-24T21:58:04","guid":{"rendered":"https:\/\/www.cchla.ufpb.br\/css\/?p=1131"},"modified":"2026-08-24T18:58:04","modified_gmt":"2026-08-24T21:58:04","slug":"formulario-perfil-dosas-discentes-ingressantes-2026-2","status":"publish","type":"post","link":"https:\/\/www.cchla.ufpb.br\/css\/uncategorized\/formulario-perfil-dosas-discentes-ingressantes-2026-2\/","title":{"rendered":"Formul\u00e1rio \u2013 perfil dos(as) discentes ingressantes 2026.2"},"content":{"rendered":"\n<p class=\"wp-block-paragraph\">A&nbsp;<strong>Coordena\u00e7\u00e3o do Curso de Gradua\u00e7\u00e3o em Servi\u00e7o Social da Universidade Federal da Para\u00edba (UFPB)<\/strong>&nbsp;est\u00e1 realizando um&nbsp;<strong>question\u00e1rio para conhecer o perfil da turma de ingressantes 2026.2<\/strong>.<\/p>\n\n\n\n<p class=\"wp-block-paragraph\">A participa\u00e7\u00e3o de voc\u00eas \u00e9 muito importante, pois as informa\u00e7\u00f5es coletadas contribuir\u00e3o para que a Coordena\u00e7\u00e3o possa&nbsp;<strong>conhecer melhor as caracter\u00edsticas, necessidades e demandas da nova turma<\/strong>, subsidiando a\u00e7\u00f5es e iniciativas voltadas ao acompanhamento da trajet\u00f3ria acad\u00eamica dos(as) discentes.<\/p>\n\n\n\n<p class=\"wp-block-paragraph\"><strong>Participe respondendo ao question\u00e1rio:&nbsp;<a href=\"https:\/\/docs.google.com\/forms\/d\/e\/1FAIpQLSenA8lbYDRkZ7s39TUxE5ys6WMGdGOd-eCLwVAjcXB2fz6rZw\/viewform?usp=header\">https:\/\/docs.google.com\/forms\/d\/e\/1FAIpQLSenA8lbYDRkZ7s39TUxE5ys6WMGdGOd-eCLwVAjcXB2fz6rZw\/viewform?usp=header<\/a><\/strong><\/p>\n\n\n\n<p class=\"wp-block-paragraph\">Contamos com a participa\u00e7\u00e3o de todos(as)!<\/p>\n\n\n\n<p class=\"wp-block-paragraph\"><\/p>\n\n\n\n<p class=\"wp-block-paragraph\">Atenciosamente,<\/p>\n\n\n\n<p class=\"wp-block-paragraph\"><\/p>\n\n\n\n<p class=\"wp-block-paragraph\">Prof. Dr. Fabr\u00edcio Rodrigues \u2013 Coordenador&nbsp;<\/p>\n\n\n\n<p class=\"wp-block-paragraph\">Profa. Dra. Edna Tania \u2013 Vice coordenadora<\/p>\n\n\n\n<p class=\"wp-block-paragraph\">Coordena\u00e7\u00e3o do Curso de Gradua\u00e7\u00e3o em Servi\u00e7o Social \u2013 CCSS\/CCHLA\/UFPB<\/p>\n\n\n\n<p class=\"wp-block-paragraph\"><\/p>\n\n\n\n<figure class=\"wp-block-image size-large\"><img loading=\"lazy\" decoding=\"async\" width=\"1024\" height=\"1024\" src=\"https:\/\/www.cchla.ufpb.br\/css\/wp-content\/uploads\/sites\/122\/sites\/274\/2026\/08\/IMAGEM-1024x1024.png\" alt=\"\" class=\"wp-image-1132\" srcset=\"https:\/\/www.cchla.ufpb.br\/css\/wp-content\/uploads\/sites\/122\/sites\/274\/2026\/08\/IMAGEM-1024x1024.png 1024w, https:\/\/www.cchla.ufpb.br\/css\/wp-content\/uploads\/sites\/122\/sites\/274\/2026\/08\/IMAGEM-300x300.png 300w, https:\/\/www.cchla.ufpb.br\/css\/wp-content\/uploads\/sites\/122\/sites\/274\/2026\/08\/IMAGEM-150x150.png 150w, https:\/\/www.cchla.ufpb.br\/css\/wp-content\/uploads\/sites\/122\/sites\/274\/2026\/08\/IMAGEM-768x768.png 768w, https:\/\/www.cchla.ufpb.br\/css\/wp-content\/uploads\/sites\/122\/sites\/274\/2026\/08\/IMAGEM.png 1254w\" sizes=\"auto, (max-width: 1024px) 100vw, 1024px\" \/><\/figure>\n","protected":false},"excerpt":{"rendered":"<p>A&nbsp;Coordena\u00e7\u00e3o do Curso de Gradua\u00e7\u00e3o em Servi\u00e7o Social da Universidade Federal da Para\u00edba (UFPB)&nbsp;est\u00e1 realizando um&nbsp;question\u00e1rio para conhecer o perfil da turma de ingressantes 2026.2. A participa\u00e7\u00e3o de voc\u00eas \u00e9 muito importante, pois as informa\u00e7\u00f5es coletadas contribuir\u00e3o para que a Coordena\u00e7\u00e3o possa&nbsp;conhecer melhor as caracter\u00edsticas, necessidades e demandas da nova turma, subsidiando a\u00e7\u00f5es e iniciativas [&hellip;]<\/p>\n","protected":false},"author":247,"featured_media":1132,"comment_status":"closed","ping_status":"open","sticky":false,"template":"","format":"standard","meta":{"footnotes":""},"categories":[1],"tags":[],"class_list":["post-1131","post","type-post","status-publish","format-standard","has-post-thumbnail","hentry","category-uncategorized"],"_links":{"self":[{"href":"https:\/\/www.cchla.ufpb.br\/css\/wp-json\/wp\/v2\/posts\/1131","targetHints":{"allow":["GET"]}}],"collection":[{"href":"https:\/\/www.cchla.ufpb.br\/css\/wp-json\/wp\/v2\/posts"}],"about":[{"href":"https:\/\/www.cchla.ufpb.br\/css\/wp-json\/wp\/v2\/types\/post"}],"author":[{"embeddable":true,"href":"https:\/\/www.cchla.ufpb.br\/css\/wp-json\/wp\/v2\/users\/247"}],"replies":[{"embeddable":true,"href":"https:\/\/www.cchla.ufpb.br\/css\/wp-json\/wp\/v2\/comments?post=1131"}],"version-history":[{"count":1,"href":"https:\/\/www.cchla.ufpb.br\/css\/wp-json\/wp\/v2\/posts\/1131\/revisions"}],"predecessor-version":[{"id":1133,"href":"https:\/\/www.cchla.ufpb.br\/css\/wp-json\/wp\/v2\/posts\/1131\/revisions\/1133"}],"wp:featuredmedia":[{"embeddable":true,"href":"https:\/\/www.cchla.ufpb.br\/css\/wp-json\/wp\/v2\/media\/1132"}],"wp:attachment":[{"href":"https:\/\/www.cchla.ufpb.br\/css\/wp-json\/wp\/v2\/media?parent=1131"}],"wp:term":[{"taxonomy":"category","embeddable":true,"href":"https:\/\/www.cchla.ufpb.br\/css\/wp-json\/wp\/v2\/categories?post=1131"},{"taxonomy":"post_tag","embeddable":true,"href":"https:\/\/www.cchla.ufpb.br\/css\/wp-json\/wp\/v2\/tags?post=1131"}],"curies":[{"name":"wp","href":"https:\/\/api.w.org\/{rel}","templated":true}]}}