{"id":1161,"date":"2026-08-28T15:51:30","date_gmt":"2026-08-28T18:51:30","guid":{"rendered":"https:\/\/www.cchla.ufpb.br\/css\/?p=1161"},"modified":"2026-08-28T15:51:30","modified_gmt":"2026-08-28T18:51:30","slug":"inicio-das-atividades-do-semestre-2026-2","status":"publish","type":"post","link":"https:\/\/www.cchla.ufpb.br\/css\/uncategorized\/inicio-das-atividades-do-semestre-2026-2\/","title":{"rendered":"In\u00edcio das atividades do semestre 2026.2"},"content":{"rendered":"\n<p class=\"wp-block-paragraph\"><strong>Prezada comunidade acad\u00eamica do Curso de Gradua\u00e7\u00e3o em Servi\u00e7o Social &#8211; CCSS\/CCHLA\/UFPB<\/strong><\/p>\n\n\n\n<p class=\"wp-block-paragraph\">A Coordena\u00e7\u00e3o do Curso de Gradua\u00e7\u00e3o em Servi\u00e7o Social deseja a toda a comunidade acad\u00eamica, composta por docentes, discentes e servidores(as) t\u00e9cnicos-administrativos, boas-vindas ao semestre 2026.2.<\/p>\n\n\n\n<p class=\"wp-block-paragraph\">Desejemos que seja um semestre repleto de aprendizagem, conquistas e de constru\u00e7\u00e3o coletiva do nosso projeto de forma\u00e7\u00e3o profissional.<\/p>\n\n\n\n<p class=\"wp-block-paragraph\"><\/p>\n\n\n\n<p class=\"wp-block-paragraph\">Jo\u00e3o Pessoa \u2013 PB, 28 de agosto de 2026<\/p>\n\n\n\n<p class=\"wp-block-paragraph\"><\/p>\n\n\n\n<p class=\"wp-block-paragraph\">Atenciosamente,<\/p>\n\n\n\n<p class=\"wp-block-paragraph\">Prof. Dr. Fabr\u00edcio Rodrigues \u2013 Coordenador&nbsp;<\/p>\n\n\n\n<p class=\"wp-block-paragraph\">Profa. Dra. Edna Tania \u2013 Vice coordenadora<\/p>\n\n\n\n<p class=\"wp-block-paragraph\">Coordena\u00e7\u00e3o do Curso de Gradua\u00e7\u00e3o em Servi\u00e7o Social \u2013 CCSS\/CCHLA\/UFPB<\/p>\n\n\n\n<figure class=\"wp-block-image size-large\"><img loading=\"lazy\" decoding=\"async\" width=\"1024\" height=\"1024\" src=\"https:\/\/www.cchla.ufpb.br\/css\/wp-content\/uploads\/sites\/122\/sites\/274\/2026\/08\/BOAS-VINDAS-1024x1024.png\" alt=\"\" class=\"wp-image-1162\" srcset=\"https:\/\/www.cchla.ufpb.br\/css\/wp-content\/uploads\/sites\/122\/sites\/274\/2026\/08\/BOAS-VINDAS-1024x1024.png 1024w, https:\/\/www.cchla.ufpb.br\/css\/wp-content\/uploads\/sites\/122\/sites\/274\/2026\/08\/BOAS-VINDAS-300x300.png 300w, https:\/\/www.cchla.ufpb.br\/css\/wp-content\/uploads\/sites\/122\/sites\/274\/2026\/08\/BOAS-VINDAS-150x150.png 150w, https:\/\/www.cchla.ufpb.br\/css\/wp-content\/uploads\/sites\/122\/sites\/274\/2026\/08\/BOAS-VINDAS-768x768.png 768w, https:\/\/www.cchla.ufpb.br\/css\/wp-content\/uploads\/sites\/122\/sites\/274\/2026\/08\/BOAS-VINDAS.png 1254w\" sizes=\"auto, (max-width: 1024px) 100vw, 1024px\" \/><\/figure>\n","protected":false},"excerpt":{"rendered":"<p>Prezada comunidade acad\u00eamica do Curso de Gradua\u00e7\u00e3o em Servi\u00e7o Social &#8211; CCSS\/CCHLA\/UFPB A Coordena\u00e7\u00e3o do Curso de Gradua\u00e7\u00e3o em Servi\u00e7o Social deseja a toda a comunidade acad\u00eamica, composta por docentes, discentes e servidores(as) t\u00e9cnicos-administrativos, boas-vindas ao semestre 2026.2. Desejemos que seja um semestre repleto de aprendizagem, conquistas e de constru\u00e7\u00e3o coletiva do nosso projeto de [&hellip;]<\/p>\n","protected":false},"author":247,"featured_media":1162,"comment_status":"closed","ping_status":"open","sticky":false,"template":"","format":"standard","meta":{"footnotes":""},"categories":[1],"tags":[],"class_list":["post-1161","post","type-post","status-publish","format-standard","has-post-thumbnail","hentry","category-uncategorized"],"_links":{"self":[{"href":"https:\/\/www.cchla.ufpb.br\/css\/wp-json\/wp\/v2\/posts\/1161","targetHints":{"allow":["GET"]}}],"collection":[{"href":"https:\/\/www.cchla.ufpb.br\/css\/wp-json\/wp\/v2\/posts"}],"about":[{"href":"https:\/\/www.cchla.ufpb.br\/css\/wp-json\/wp\/v2\/types\/post"}],"author":[{"embeddable":true,"href":"https:\/\/www.cchla.ufpb.br\/css\/wp-json\/wp\/v2\/users\/247"}],"replies":[{"embeddable":true,"href":"https:\/\/www.cchla.ufpb.br\/css\/wp-json\/wp\/v2\/comments?post=1161"}],"version-history":[{"count":1,"href":"https:\/\/www.cchla.ufpb.br\/css\/wp-json\/wp\/v2\/posts\/1161\/revisions"}],"predecessor-version":[{"id":1163,"href":"https:\/\/www.cchla.ufpb.br\/css\/wp-json\/wp\/v2\/posts\/1161\/revisions\/1163"}],"wp:featuredmedia":[{"embeddable":true,"href":"https:\/\/www.cchla.ufpb.br\/css\/wp-json\/wp\/v2\/media\/1162"}],"wp:attachment":[{"href":"https:\/\/www.cchla.ufpb.br\/css\/wp-json\/wp\/v2\/media?parent=1161"}],"wp:term":[{"taxonomy":"category","embeddable":true,"href":"https:\/\/www.cchla.ufpb.br\/css\/wp-json\/wp\/v2\/categories?post=1161"},{"taxonomy":"post_tag","embeddable":true,"href":"https:\/\/www.cchla.ufpb.br\/css\/wp-json\/wp\/v2\/tags?post=1161"}],"curies":[{"name":"wp","href":"https:\/\/api.w.org\/{rel}","templated":true}]}}