{"id":325,"date":"2025-07-01T16:54:55","date_gmt":"2025-07-01T19:54:55","guid":{"rendered":"https:\/\/www.cchla.ufpb.br\/css\/?p=325"},"modified":"2025-07-01T16:56:09","modified_gmt":"2025-07-01T19:56:09","slug":"xiv-oficina-nacional-da-abepss","status":"publish","type":"post","link":"https:\/\/www.cchla.ufpb.br\/css\/uncategorized\/xiv-oficina-nacional-da-abepss\/","title":{"rendered":"XIV OFICINA NACIONAL DA ABEPSS"},"content":{"rendered":"\n<p><\/p>\n\n\n\n<p>MARQUE A DATA: Vem a\u00ed a XIV Oficina Nacional da ABEPSS! \u270a\ud83c\udffe\ud83d\udce3<\/p>\n\n\n\n<p>Com o tema \u201cForma\u00e7\u00e3o em Servi\u00e7o Social na perspectiva de totalidade: em defesa da unidade das lutas sociais emancipat\u00f3rias\u201d, o evento acontecer\u00e1 de 4 a 6 de novembro de 2025, em Palmas, Tocantins (TO).<\/p>\n\n\n\n<p>Durante a Oficina, ser\u00e3o discutidos temas relativos ao Servi\u00e7o Social, tais como:<\/p>\n\n\n\n<p>\u2705 Crises da economia capitalista e transforma\u00e7\u00f5es societ\u00e1rias recentes;<br>\u2705 Diretrizes Curriculares da ABEPSS, perspectiva cr\u00edtica e dial\u00e9tica e Projeto \u00c9tico-Pol\u00edtico;<br>\u2705 Fundamentos te\u00f3rico-metodol\u00f3gicos e os desafios da Gradua\u00e7\u00e3o e da P\u00f3s-Gradua\u00e7\u00e3o em Servi\u00e7o Social;<br>\u2705 Pesquisa em Servi\u00e7o Social e particularidades regionais;<br>\u2705 E muito mais!<\/p>\n\n\n\n<p>A gest\u00e3o \u201cA certeza na frente, a hist\u00f3ria na m\u00e3o: Servi\u00e7o Social e Luta Coletiva\u201d (2025-2026) busca fortalecer a forma\u00e7\u00e3o em gradua\u00e7\u00e3o e p\u00f3s-gradua\u00e7\u00e3o com fundamenta\u00e7\u00e3o s\u00f3lida, que resulte no trabalho profissional qualificado e comprometido com a defesa da democracia, dos direitos sociais e de trabalhadoras e trabalhadores.<\/p>\n\n\n\n<p>Com a realiza\u00e7\u00e3o da Oficina Nacional, visa-se fomentar a produ\u00e7\u00e3o de conhecimento, extens\u00e3o, internacionaliza\u00e7\u00e3o e as lutas contra a explora\u00e7\u00e3o e a opress\u00e3o, objetivando a constru\u00e7\u00e3o de uma sociedade emancipada, livre de pr\u00e1ticas racistas, patriarcais, homof\u00f3bicas e capacitistas, e na perspectiva de supera\u00e7\u00e3o do capitalismo.<\/p>\n\n\n\n<p>\ud83d\udccc Agende-se e participe!<br>\ud83d\udce2 Em breve, mais informa\u00e7\u00f5es.<\/p>\n\n\n\n<p><\/p>\n\n\n\n<figure class=\"wp-block-image size-large\"><img loading=\"lazy\" decoding=\"async\" width=\"841\" height=\"1024\" src=\"https:\/\/www.cchla.ufpb.br\/css\/wp-content\/uploads\/sites\/122\/sites\/274\/2025\/07\/Captura-de-Tela-2025-07-01-as-16.53.15-841x1024.png\" alt=\"\" class=\"wp-image-326\" srcset=\"https:\/\/www.cchla.ufpb.br\/css\/wp-content\/uploads\/sites\/122\/sites\/274\/2025\/07\/Captura-de-Tela-2025-07-01-as-16.53.15-841x1024.png 841w, https:\/\/www.cchla.ufpb.br\/css\/wp-content\/uploads\/sites\/122\/sites\/274\/2025\/07\/Captura-de-Tela-2025-07-01-as-16.53.15-246x300.png 246w, https:\/\/www.cchla.ufpb.br\/css\/wp-content\/uploads\/sites\/122\/sites\/274\/2025\/07\/Captura-de-Tela-2025-07-01-as-16.53.15-768x936.png 768w, https:\/\/www.cchla.ufpb.br\/css\/wp-content\/uploads\/sites\/122\/sites\/274\/2025\/07\/Captura-de-Tela-2025-07-01-as-16.53.15.png 944w\" sizes=\"auto, (max-width: 841px) 100vw, 841px\" \/><\/figure>\n","protected":false},"excerpt":{"rendered":"<p>MARQUE A DATA: Vem a\u00ed a XIV Oficina Nacional da ABEPSS! \u270a\ud83c\udffe\ud83d\udce3 Com o tema \u201cForma\u00e7\u00e3o em Servi\u00e7o Social na perspectiva de totalidade: em defesa da unidade das lutas sociais emancipat\u00f3rias\u201d, o evento acontecer\u00e1 de 4 a 6 de novembro de 2025, em Palmas, Tocantins (TO). Durante a Oficina, ser\u00e3o discutidos temas relativos ao Servi\u00e7o [&hellip;]<\/p>\n","protected":false},"author":247,"featured_media":326,"comment_status":"closed","ping_status":"open","sticky":false,"template":"","format":"standard","meta":{"footnotes":""},"categories":[],"tags":[],"class_list":["post-325","post","type-post","status-publish","format-standard","has-post-thumbnail","hentry"],"_links":{"self":[{"href":"https:\/\/www.cchla.ufpb.br\/css\/wp-json\/wp\/v2\/posts\/325","targetHints":{"allow":["GET"]}}],"collection":[{"href":"https:\/\/www.cchla.ufpb.br\/css\/wp-json\/wp\/v2\/posts"}],"about":[{"href":"https:\/\/www.cchla.ufpb.br\/css\/wp-json\/wp\/v2\/types\/post"}],"author":[{"embeddable":true,"href":"https:\/\/www.cchla.ufpb.br\/css\/wp-json\/wp\/v2\/users\/247"}],"replies":[{"embeddable":true,"href":"https:\/\/www.cchla.ufpb.br\/css\/wp-json\/wp\/v2\/comments?post=325"}],"version-history":[{"count":1,"href":"https:\/\/www.cchla.ufpb.br\/css\/wp-json\/wp\/v2\/posts\/325\/revisions"}],"predecessor-version":[{"id":327,"href":"https:\/\/www.cchla.ufpb.br\/css\/wp-json\/wp\/v2\/posts\/325\/revisions\/327"}],"wp:featuredmedia":[{"embeddable":true,"href":"https:\/\/www.cchla.ufpb.br\/css\/wp-json\/wp\/v2\/media\/326"}],"wp:attachment":[{"href":"https:\/\/www.cchla.ufpb.br\/css\/wp-json\/wp\/v2\/media?parent=325"}],"wp:term":[{"taxonomy":"category","embeddable":true,"href":"https:\/\/www.cchla.ufpb.br\/css\/wp-json\/wp\/v2\/categories?post=325"},{"taxonomy":"post_tag","embeddable":true,"href":"https:\/\/www.cchla.ufpb.br\/css\/wp-json\/wp\/v2\/tags?post=325"}],"curies":[{"name":"wp","href":"https:\/\/api.w.org\/{rel}","templated":true}]}}