{"id":328,"date":"2025-07-04T11:38:51","date_gmt":"2025-07-04T14:38:51","guid":{"rendered":"https:\/\/www.cchla.ufpb.br\/css\/?p=328"},"modified":"2025-07-04T11:39:18","modified_gmt":"2025-07-04T14:39:18","slug":"datas-importantes","status":"publish","type":"post","link":"https:\/\/www.cchla.ufpb.br\/css\/uncategorized\/datas-importantes\/","title":{"rendered":"DATAS IMPORTANTES"},"content":{"rendered":"\n<p><strong>Prezados\/as discentes do curso de gradua\u00e7\u00e3o em Servi\u00e7o Social \u2013 CSS\/CCHLA\/UFPB<\/strong><\/p>\n\n\n\n<p>A coordena\u00e7\u00e3o do Curso de Gradua\u00e7\u00e3o em Servi\u00e7o Social \u2013 CSS\/CCHLA\/UFPB vem destacar, por meio deste,&nbsp;<strong>algumas datas importantes relativas aos procedimentos previstos no calend\u00e1rio acad\u00eamico 2025.1:<\/strong><\/p>\n\n\n\n<figure class=\"wp-block-table\"><table class=\"has-fixed-layout\"><tbody><tr><td><strong>PROCEDIMENTO<\/strong><\/td><td><strong>DATA<\/strong><\/td><\/tr><tr><td>Requerimento pelo discente no SIGAA (Online) de&nbsp;<strong>TRANCAMENTO<\/strong>&nbsp;parcial e\/ou total de componentes curriculares na Coordena\u00e7\u00e3o de Curso para o Per\u00edodo 2025.1.&nbsp;<\/td><td><strong>06 a 09\/08\/2025<\/strong>&nbsp;<\/td><\/tr><tr><td>Requerimento pelo discente para&nbsp;<strong>Abrevia\u00e7\u00e3o de Curso<\/strong>&nbsp;nas Coordena\u00e7\u00f5es de Curso para o Per\u00edodo 2025.2.&nbsp;<\/td><td><strong>25 a 29\/08\/2025<\/strong><strong>&nbsp;<\/strong><\/td><\/tr><tr><td>Requerimento pelo discente de&nbsp;<strong>Dilata\u00e7\u00e3o de Prazo<\/strong>&nbsp;nas Coordena\u00e7\u00f5es de Curso para 2025.2.&nbsp;<\/td><td><strong>25 a 29\/08\/2025<\/strong><strong>&nbsp;<\/strong><\/td><\/tr><tr><td>Solicita\u00e7\u00e3o pelo discente de&nbsp;<strong>Aproveitamento\/Dispensa de Estudos<\/strong>&nbsp;nas Coordena\u00e7\u00f5es de Curso para o Per\u00edodo 2025.2 (as demais permanecem como fluxo cont\u00ednuo, conforme a Res. n\u00ba 29\/2020, comlimite at\u00e9 29\/08\/2025, para poderem se matricular no per\u00edodo 2025.2).&nbsp;<\/td><td><strong>25 a 29\/08\/2025<\/strong><strong>&nbsp;<\/strong><\/td><\/tr><tr><td>Per\u00edodo de&nbsp;<strong>Inscri\u00e7\u00e3o para Mobilidade Estudantil\/ANDIFES<\/strong>&nbsp;(Associa\u00e7\u00e3o Nacional dos Dirigentes das Institui\u00e7\u00f5es Federais de Ensino Superior) (Discentes da UFPB) para 2025.2.&nbsp;<\/td><td><strong>01\/09 a 10\/10\/2025<\/strong>&nbsp;<\/td><\/tr><\/tbody><\/table><\/figure>\n\n\n\n<p><\/p>\n\n\n\n<p>A coordena\u00e7\u00e3o do Curso de Gradua\u00e7\u00e3o em Servi\u00e7o Social \u2013 CCSS\/CCHLA\/UFPB est\u00e1 dispon\u00edvel pelos canais de comunica\u00e7\u00e3o oficial e atendimento presencial, conforme agenda de atendimento presencial, para orientar acerca dos procedimentos mencionados.<\/p>\n\n\n\n<p><\/p>\n\n\n\n<p>Atenciosamente,<\/p>\n\n\n\n<p>Prof. Dr. Fabr\u00edcio Rodrigues \u2013 Coordenador&nbsp;<\/p>\n\n\n\n<p>Coordena\u00e7\u00e3o do Curso de Gradua\u00e7\u00e3o em Servi\u00e7o Social \u2013 CSS\/CCHLA\/UFPB<\/p>\n\n\n\n<p><\/p>\n","protected":false},"excerpt":{"rendered":"<p>Prezados\/as discentes do curso de gradua\u00e7\u00e3o em Servi\u00e7o Social \u2013 CSS\/CCHLA\/UFPB A coordena\u00e7\u00e3o do Curso de Gradua\u00e7\u00e3o em Servi\u00e7o Social \u2013 CSS\/CCHLA\/UFPB vem destacar, por meio deste,&nbsp;algumas datas importantes relativas aos procedimentos previstos no calend\u00e1rio acad\u00eamico 2025.1: PROCEDIMENTO DATA Requerimento pelo discente no SIGAA (Online) de&nbsp;TRANCAMENTO&nbsp;parcial e\/ou total de componentes curriculares na Coordena\u00e7\u00e3o de Curso [&hellip;]<\/p>\n","protected":false},"author":247,"featured_media":301,"comment_status":"closed","ping_status":"open","sticky":false,"template":"","format":"standard","meta":{"footnotes":""},"categories":[],"tags":[],"class_list":["post-328","post","type-post","status-publish","format-standard","has-post-thumbnail","hentry"],"_links":{"self":[{"href":"https:\/\/www.cchla.ufpb.br\/css\/wp-json\/wp\/v2\/posts\/328","targetHints":{"allow":["GET"]}}],"collection":[{"href":"https:\/\/www.cchla.ufpb.br\/css\/wp-json\/wp\/v2\/posts"}],"about":[{"href":"https:\/\/www.cchla.ufpb.br\/css\/wp-json\/wp\/v2\/types\/post"}],"author":[{"embeddable":true,"href":"https:\/\/www.cchla.ufpb.br\/css\/wp-json\/wp\/v2\/users\/247"}],"replies":[{"embeddable":true,"href":"https:\/\/www.cchla.ufpb.br\/css\/wp-json\/wp\/v2\/comments?post=328"}],"version-history":[{"count":1,"href":"https:\/\/www.cchla.ufpb.br\/css\/wp-json\/wp\/v2\/posts\/328\/revisions"}],"predecessor-version":[{"id":329,"href":"https:\/\/www.cchla.ufpb.br\/css\/wp-json\/wp\/v2\/posts\/328\/revisions\/329"}],"wp:featuredmedia":[{"embeddable":true,"href":"https:\/\/www.cchla.ufpb.br\/css\/wp-json\/wp\/v2\/media\/301"}],"wp:attachment":[{"href":"https:\/\/www.cchla.ufpb.br\/css\/wp-json\/wp\/v2\/media?parent=328"}],"wp:term":[{"taxonomy":"category","embeddable":true,"href":"https:\/\/www.cchla.ufpb.br\/css\/wp-json\/wp\/v2\/categories?post=328"},{"taxonomy":"post_tag","embeddable":true,"href":"https:\/\/www.cchla.ufpb.br\/css\/wp-json\/wp\/v2\/tags?post=328"}],"curies":[{"name":"wp","href":"https:\/\/api.w.org\/{rel}","templated":true}]}}