{"id":383,"date":"2025-08-19T12:14:38","date_gmt":"2025-08-19T15:14:38","guid":{"rendered":"https:\/\/www.cchla.ufpb.br\/css\/?p=383"},"modified":"2025-08-19T12:15:05","modified_gmt":"2025-08-19T15:15:05","slug":"divulgacao-de-evento-2","status":"publish","type":"post","link":"https:\/\/www.cchla.ufpb.br\/css\/uncategorized\/divulgacao-de-evento-2\/","title":{"rendered":"DIVULGA\u00c7\u00c3O DE EVENTO"},"content":{"rendered":"\n<p><\/p>\n\n\n\n<p>\u00c9 com imensa satisfa\u00e7\u00e3o que convidamos todos\/as para o evento Sa\u00fade Mental em Perspectiva: pesquisa, pr\u00e1ticas e experi\u00eancias nacionais e internacionais, promovido pelo (SEPSASS\/UFPB), nos dias 25 e 26 de agosto de 2025. A programa\u00e7\u00e3o inclui o lan\u00e7amento do livro Sa\u00fade Mental, Pesquisa e Desafios Profissionais e debates sobre experi\u00eancias nacionais e internacionais em sa\u00fade mental. A iniciativa tamb\u00e9m celebra os 25 anos de atua\u00e7\u00e3o do setor, reafirmando seu compromisso com a produ\u00e7\u00e3o de conhecimento cr\u00edtico e interdisciplinar no campo da sa\u00fade.<\/p>\n\n\n\n<p>\ud83d\udcdaLan\u00e7amento do livro: 25\/08, \u00e0s 19h \u2013 Audit\u00f3rio 411, CCHLA.<\/p>\n\n\n\n<p>\ud83d\udc69\u200d\ud83d\udcbbInscri\u00e7\u00f5es: https:\/\/sigeventos.ufpb.br\/eventos\/public\/evento\/SMPDP2025<\/p>\n\n\n\n<p>\ud83d\udd87\ufe0fSemin\u00e1rio Tem\u00e1tico sobre as experi\u00eancias na It\u00e1lia, Portugal, Espanha e Brasil: 26\/08 (tarde e noite) \u2013 Audit\u00f3rio Luciana Cantalice, LEPS.<\/p>\n\n\n\n<p>\ud83e\uddd1\u200d\ud83d\udcbbInscri\u00e7\u00f5es: https:\/\/sigeventos.ufpb.br\/eventos\/public\/evento\/SMPPPENI2025<\/p>\n\n\n\n<p>O evento \u00e9 gratuito, com vagas limitadas e certifica\u00e7\u00e3o. Participe e fortale\u00e7a o debate sobre a aten\u00e7\u00e3o psicossocial!<\/p>\n\n\n\n<p>Atenciosamente,<br>Setor de Estudos e Pesquisas em Sa\u00fade e Servi\u00e7o Social (SEPSASS\/UFPB).<\/p>\n\n\n\n<p><\/p>\n\n\n\n<figure class=\"wp-block-image size-large\"><img loading=\"lazy\" decoding=\"async\" width=\"1024\" height=\"1024\" src=\"https:\/\/www.cchla.ufpb.br\/css\/wp-content\/uploads\/sites\/122\/sites\/274\/2025\/08\/WhatsApp-Image-2025-08-18-at-22.16.34-1024x1024.jpeg\" alt=\"\" class=\"wp-image-384\" srcset=\"https:\/\/www.cchla.ufpb.br\/css\/wp-content\/uploads\/sites\/122\/sites\/274\/2025\/08\/WhatsApp-Image-2025-08-18-at-22.16.34-1024x1024.jpeg 1024w, https:\/\/www.cchla.ufpb.br\/css\/wp-content\/uploads\/sites\/122\/sites\/274\/2025\/08\/WhatsApp-Image-2025-08-18-at-22.16.34-300x300.jpeg 300w, https:\/\/www.cchla.ufpb.br\/css\/wp-content\/uploads\/sites\/122\/sites\/274\/2025\/08\/WhatsApp-Image-2025-08-18-at-22.16.34-150x150.jpeg 150w, https:\/\/www.cchla.ufpb.br\/css\/wp-content\/uploads\/sites\/122\/sites\/274\/2025\/08\/WhatsApp-Image-2025-08-18-at-22.16.34-768x768.jpeg 768w, https:\/\/www.cchla.ufpb.br\/css\/wp-content\/uploads\/sites\/122\/sites\/274\/2025\/08\/WhatsApp-Image-2025-08-18-at-22.16.34.jpeg 1080w\" sizes=\"auto, (max-width: 1024px) 100vw, 1024px\" \/><\/figure>\n\n\n\n<p><\/p>\n\n\n\n<figure class=\"wp-block-image size-large\"><img loading=\"lazy\" decoding=\"async\" width=\"1024\" height=\"1024\" src=\"https:\/\/www.cchla.ufpb.br\/css\/wp-content\/uploads\/sites\/122\/sites\/274\/2025\/08\/WhatsApp-Image-2025-08-18-at-22.16.34-2-1024x1024.jpeg\" alt=\"\" class=\"wp-image-385\" srcset=\"https:\/\/www.cchla.ufpb.br\/css\/wp-content\/uploads\/sites\/122\/sites\/274\/2025\/08\/WhatsApp-Image-2025-08-18-at-22.16.34-2-1024x1024.jpeg 1024w, https:\/\/www.cchla.ufpb.br\/css\/wp-content\/uploads\/sites\/122\/sites\/274\/2025\/08\/WhatsApp-Image-2025-08-18-at-22.16.34-2-300x300.jpeg 300w, https:\/\/www.cchla.ufpb.br\/css\/wp-content\/uploads\/sites\/122\/sites\/274\/2025\/08\/WhatsApp-Image-2025-08-18-at-22.16.34-2-150x150.jpeg 150w, https:\/\/www.cchla.ufpb.br\/css\/wp-content\/uploads\/sites\/122\/sites\/274\/2025\/08\/WhatsApp-Image-2025-08-18-at-22.16.34-2-768x768.jpeg 768w, https:\/\/www.cchla.ufpb.br\/css\/wp-content\/uploads\/sites\/122\/sites\/274\/2025\/08\/WhatsApp-Image-2025-08-18-at-22.16.34-2.jpeg 1080w\" sizes=\"auto, (max-width: 1024px) 100vw, 1024px\" \/><\/figure>\n\n\n\n<p><\/p>\n","protected":false},"excerpt":{"rendered":"<p>\u00c9 com imensa satisfa\u00e7\u00e3o que convidamos todos\/as para o evento Sa\u00fade Mental em Perspectiva: pesquisa, pr\u00e1ticas e experi\u00eancias nacionais e internacionais, promovido pelo (SEPSASS\/UFPB), nos dias 25 e 26 de agosto de 2025. A programa\u00e7\u00e3o inclui o lan\u00e7amento do livro Sa\u00fade Mental, Pesquisa e Desafios Profissionais e debates sobre experi\u00eancias nacionais e internacionais em sa\u00fade [&hellip;]<\/p>\n","protected":false},"author":247,"featured_media":384,"comment_status":"closed","ping_status":"open","sticky":false,"template":"","format":"standard","meta":{"footnotes":""},"categories":[],"tags":[],"class_list":["post-383","post","type-post","status-publish","format-standard","has-post-thumbnail","hentry"],"_links":{"self":[{"href":"https:\/\/www.cchla.ufpb.br\/css\/wp-json\/wp\/v2\/posts\/383","targetHints":{"allow":["GET"]}}],"collection":[{"href":"https:\/\/www.cchla.ufpb.br\/css\/wp-json\/wp\/v2\/posts"}],"about":[{"href":"https:\/\/www.cchla.ufpb.br\/css\/wp-json\/wp\/v2\/types\/post"}],"author":[{"embeddable":true,"href":"https:\/\/www.cchla.ufpb.br\/css\/wp-json\/wp\/v2\/users\/247"}],"replies":[{"embeddable":true,"href":"https:\/\/www.cchla.ufpb.br\/css\/wp-json\/wp\/v2\/comments?post=383"}],"version-history":[{"count":1,"href":"https:\/\/www.cchla.ufpb.br\/css\/wp-json\/wp\/v2\/posts\/383\/revisions"}],"predecessor-version":[{"id":386,"href":"https:\/\/www.cchla.ufpb.br\/css\/wp-json\/wp\/v2\/posts\/383\/revisions\/386"}],"wp:featuredmedia":[{"embeddable":true,"href":"https:\/\/www.cchla.ufpb.br\/css\/wp-json\/wp\/v2\/media\/384"}],"wp:attachment":[{"href":"https:\/\/www.cchla.ufpb.br\/css\/wp-json\/wp\/v2\/media?parent=383"}],"wp:term":[{"taxonomy":"category","embeddable":true,"href":"https:\/\/www.cchla.ufpb.br\/css\/wp-json\/wp\/v2\/categories?post=383"},{"taxonomy":"post_tag","embeddable":true,"href":"https:\/\/www.cchla.ufpb.br\/css\/wp-json\/wp\/v2\/tags?post=383"}],"curies":[{"name":"wp","href":"https:\/\/api.w.org\/{rel}","templated":true}]}}