{"id":392,"date":"2025-09-02T13:16:54","date_gmt":"2025-09-02T16:16:54","guid":{"rendered":"https:\/\/www.cchla.ufpb.br\/css\/?p=392"},"modified":"2025-09-02T13:17:23","modified_gmt":"2025-09-02T16:17:23","slug":"aproveitamento-de-conteudos-complementares-flexiveis","status":"publish","type":"post","link":"https:\/\/www.cchla.ufpb.br\/css\/uncategorized\/aproveitamento-de-conteudos-complementares-flexiveis\/","title":{"rendered":"APROVEITAMENTO DE CONTE\u00daDOS COMPLEMENTARES FLEX\u00cdVEIS"},"content":{"rendered":"\n<p><strong>Prezados\/as discentes FORMANDOS\/AS do curso de gradua\u00e7\u00e3o em Servi\u00e7o Social \u2013 CSS\/CCHLA\/UFPB<\/strong><\/p>\n\n\n\n<p>A coordena\u00e7\u00e3o do Curso de Gradua\u00e7\u00e3o em Servi\u00e7o Social \u2013 CCSS\/CCHLA\/UFPB vem informar, por meio deste, \u00e0 necessidade de&nbsp;<strong>requerer<\/strong>, junto \u00e0 Secretaria Integrada de Atendimento a Gradua\u00e7\u00e3o \u2013 SIAG\/CCHLA (e-mail siag@cchla.ufpb.br), o&nbsp;<strong>aproveitamento de conte\u00fados complementares flex\u00edveis,<\/strong>&nbsp;para fins de implanta\u00e7\u00e3o no hist\u00f3rico da gradua\u00e7\u00e3o. \u00c9 necess\u00e1rio requerer o aproveitamento<strong>&nbsp;<\/strong>com anteced\u00eancia e somente quando da totaliza\u00e7\u00e3o das&nbsp;<strong>180h exigidas<\/strong>, mediante apresenta\u00e7\u00e3o dos documentos comprobat\u00f3rios das atividades complementares apresentadas, nas \u00e1reas de extens\u00e3o, pesquisa, ensino, cursos, minicursos e oficinas, monitoria, est\u00e1gio n\u00e3o-obrigat\u00f3rio e outras atividades, devendo comprovar diversidades das atividades.&nbsp;&nbsp;<\/p>\n\n\n\n<p>&nbsp;A anteced\u00eancia se justifica em fun\u00e7\u00e3o da abertura de processo via SIPAC\/UFPB, pela SIAG\/UFPB, an\u00e1lise dos documentos comprobat\u00f3rios pela coordena\u00e7\u00e3o de curso e implanta\u00e7\u00e3o dos cr\u00e9ditos no hist\u00f3rico da gradua\u00e7\u00e3o, em tempo h\u00e1bil para a cola\u00e7\u00e3o de grau.&nbsp;<\/p>\n\n\n\n<p>A coordena\u00e7\u00e3o do Curso de Gradua\u00e7\u00e3o em Servi\u00e7o Social \u2013 CCSS\/CCHLA\/UFPB est\u00e1 dispon\u00edvel, conforme agenda de atendimento presencial, para orientar acerca do aproveitamento de conte\u00fados complementares flex\u00edveis.<\/p>\n\n\n\n<p>Jo\u00e3o Pessoa \u2013 PB, 02 de setembro de 2025<\/p>\n\n\n\n<p>Atenciosamente,<\/p>\n\n\n\n<p>Prof. Dr. Fabr\u00edcio Rodrigues \u2013 Coordenador&nbsp;<\/p>\n\n\n\n<p>Profa. Dra. Edna Tania \u2013 Vice coordenadora<\/p>\n\n\n\n<p>Coordena\u00e7\u00e3o do Curso de Gradua\u00e7\u00e3o em Servi\u00e7o Social \u2013 CCSS\/CCHLA\/UFPB<\/p>\n\n\n\n<p><\/p>\n","protected":false},"excerpt":{"rendered":"<p>Prezados\/as discentes FORMANDOS\/AS do curso de gradua\u00e7\u00e3o em Servi\u00e7o Social \u2013 CSS\/CCHLA\/UFPB A coordena\u00e7\u00e3o do Curso de Gradua\u00e7\u00e3o em Servi\u00e7o Social \u2013 CCSS\/CCHLA\/UFPB vem informar, por meio deste, \u00e0 necessidade de&nbsp;requerer, junto \u00e0 Secretaria Integrada de Atendimento a Gradua\u00e7\u00e3o \u2013 SIAG\/CCHLA (e-mail siag@cchla.ufpb.br), o&nbsp;aproveitamento de conte\u00fados complementares flex\u00edveis,&nbsp;para fins de implanta\u00e7\u00e3o no hist\u00f3rico da gradua\u00e7\u00e3o. [&hellip;]<\/p>\n","protected":false},"author":247,"featured_media":301,"comment_status":"closed","ping_status":"open","sticky":false,"template":"","format":"standard","meta":{"footnotes":""},"categories":[],"tags":[],"class_list":["post-392","post","type-post","status-publish","format-standard","has-post-thumbnail","hentry"],"_links":{"self":[{"href":"https:\/\/www.cchla.ufpb.br\/css\/wp-json\/wp\/v2\/posts\/392","targetHints":{"allow":["GET"]}}],"collection":[{"href":"https:\/\/www.cchla.ufpb.br\/css\/wp-json\/wp\/v2\/posts"}],"about":[{"href":"https:\/\/www.cchla.ufpb.br\/css\/wp-json\/wp\/v2\/types\/post"}],"author":[{"embeddable":true,"href":"https:\/\/www.cchla.ufpb.br\/css\/wp-json\/wp\/v2\/users\/247"}],"replies":[{"embeddable":true,"href":"https:\/\/www.cchla.ufpb.br\/css\/wp-json\/wp\/v2\/comments?post=392"}],"version-history":[{"count":1,"href":"https:\/\/www.cchla.ufpb.br\/css\/wp-json\/wp\/v2\/posts\/392\/revisions"}],"predecessor-version":[{"id":393,"href":"https:\/\/www.cchla.ufpb.br\/css\/wp-json\/wp\/v2\/posts\/392\/revisions\/393"}],"wp:featuredmedia":[{"embeddable":true,"href":"https:\/\/www.cchla.ufpb.br\/css\/wp-json\/wp\/v2\/media\/301"}],"wp:attachment":[{"href":"https:\/\/www.cchla.ufpb.br\/css\/wp-json\/wp\/v2\/media?parent=392"}],"wp:term":[{"taxonomy":"category","embeddable":true,"href":"https:\/\/www.cchla.ufpb.br\/css\/wp-json\/wp\/v2\/categories?post=392"},{"taxonomy":"post_tag","embeddable":true,"href":"https:\/\/www.cchla.ufpb.br\/css\/wp-json\/wp\/v2\/tags?post=392"}],"curies":[{"name":"wp","href":"https:\/\/api.w.org\/{rel}","templated":true}]}}