{"id":463,"date":"2025-10-14T10:32:07","date_gmt":"2025-10-14T13:32:07","guid":{"rendered":"https:\/\/www.cchla.ufpb.br\/css\/?p=463"},"modified":"2025-10-14T10:34:56","modified_gmt":"2025-10-14T13:34:56","slug":"matricula-em-trabalho-de-conclusao-de-curso-i-e-ii","status":"publish","type":"post","link":"https:\/\/www.cchla.ufpb.br\/css\/uncategorized\/matricula-em-trabalho-de-conclusao-de-curso-i-e-ii\/","title":{"rendered":"MATR\u00cdCULA EM TRABALHO DE CONCLUS\u00c3O DE CURSO I E II"},"content":{"rendered":"\n<p><strong>PER\u00cdODO 2025.2<\/strong><\/p>\n\n\n\n<p><strong>Prezados\/as discentes,&nbsp;&nbsp;que est\u00e3o aptos\/as a matr\u00edcula em TCC I e II, per\u00edodo 2025.2, do curso de gradua\u00e7\u00e3o em Servi\u00e7o Social \u2013 CSS\/CCHLA\/UFPB,<\/strong><\/p>\n\n\n\n<p>A coordena\u00e7\u00e3o do Curso de Gradua\u00e7\u00e3o em Servi\u00e7o Social \u2013 CCSS\/CCHLA\/UFPB vem disponibilizar, por meio deste,&nbsp;<strong>o link do formul\u00e1rio que coleta as informa\u00e7\u00f5es necess\u00e1rias para a&nbsp;matr\u00edcula em Trabalho de Conclus\u00e3o de Curso (TCC) I e II, no pr\u00f3ximo per\u00edodo de 2025.2.<\/strong><\/p>\n\n\n\n<p>Clique no link a seguir e preencha as informa\u00e7\u00f5es:&nbsp;<\/p>\n\n\n\n<p><a href=\"https:\/\/docs.google.com\/forms\/d\/e\/1FAIpQLSc-mBs9nfMVyEO_I8bbTCAMYUmnkezaHmMpN-troyInuh-7vg\/viewform?usp=dialog\">https:\/\/docs.google.com\/forms\/d\/e\/1FAIpQLSc-mBs9nfMVyEO_I8bbTCAMYUmnkezaHmMpN-troyInuh-7vg\/viewform?usp=dialog<\/a><\/p>\n\n\n\n<p>O preenchimento dever\u00e1 ocorrer entre o dia&nbsp;<strong>14 e 19 de outubro de 2025.&nbsp;<\/strong><\/p>\n\n\n\n<p>Antes do preenchimento do formul\u00e1rio, observem,&nbsp;<strong>com a aten\u00e7\u00e3o,<\/strong>&nbsp;algumas informa\u00e7\u00f5es importantes:<\/p>\n\n\n\n<ul class=\"wp-block-list\">\n<li><strong>Apenas os\/as discentes aptos\/as para a matr\u00edcula em TCC I e II, no per\u00edodo 2025.2, dever\u00e3o preencher o formul\u00e1rio. Se voc\u00ea est\u00e1 cursando os pr\u00e9-requisitos listados abaixo (disciplinas exigidas) no semestre atual (2025.1), significa que sua matr\u00edcula ser\u00e1 efetiva somente mediante a aprova\u00e7\u00e3o delas;<\/strong><\/li>\n<\/ul>\n\n\n\n<ul class=\"wp-block-list\">\n<li>A matr\u00edcula em TCC I e II observa os seguintes\u00a0<strong>pr\u00e9-requisitos<\/strong>, conforme o atual Projeto Pol\u00edtico-Pedag\u00f3gico do Curso de Servi\u00e7o Social, a saber:<\/li>\n\n\n\n<li><strong>TCC I &#8211;\u00a0TARDE:<\/strong>\u00a0APROVA\u00c7\u00c3O EM EST\u00c1GIO I<\/li>\n\n\n\n<li><strong>TCC II &#8211;<\/strong>\u00a0<strong>TARDE<\/strong>: APROVA\u00c7\u00c3O EM TCC I<\/li>\n\n\n\n<li><strong>TCC I &#8211;<\/strong>\u00a0<strong>NOITE<\/strong>: APROVA\u00c7\u00c3O EM EST\u00c1GIO II<\/li>\n\n\n\n<li><strong>TCC II &#8211;<\/strong>\u00a0<strong>NOITE<\/strong>: APROVA\u00c7\u00c3O EM TCC I<\/li>\n<\/ul>\n\n\n\n<ul class=\"wp-block-list\">\n<li>Ap\u00f3s o per\u00edodo de preenchimento do formul\u00e1rio pelos\/as discentes, a Coordena\u00e7\u00e3o do Curso de Gradua\u00e7\u00e3o em Servi\u00e7o Social \u2013 CCSS\/CCHLA\/UFPB enviar\u00e1 a rela\u00e7\u00e3o para o Departamento de Servi\u00e7o Social \u2013 DSS\/CCHLA\/UFPB, que providenciar\u00e1 a confirma\u00e7\u00e3o e aloca\u00e7\u00e3o dos\/as docentes designados para as orienta\u00e7\u00f5es;<\/li>\n<\/ul>\n\n\n\n<ul class=\"wp-block-list\">\n<li>Ap\u00f3s o per\u00edodo de confirma\u00e7\u00e3o e aloca\u00e7\u00e3o dos\/as docentes designados\/as para as orienta\u00e7\u00f5es, a Coordena\u00e7\u00e3o do Curso de Gradua\u00e7\u00e3o em Servi\u00e7o Social \u2013 CCSS\/CCHLA\/UFPB enviar\u00e1 a rela\u00e7\u00e3o para a Secret\u00e1ria Integrada de Atendimento a Gradua\u00e7\u00e3o \u2013 SIAG\/CCHLA\/UFPB, que realizar\u00e1 as matr\u00edculas no per\u00edodo de 27 a 31 de outubro de 2025.\u00a0<\/li>\n<\/ul>\n\n\n\n<p>A coordena\u00e7\u00e3o do Curso de Gradua\u00e7\u00e3o em Servi\u00e7o Social \u2013 CCSS\/CCHLA\/UFPB est\u00e1 dispon\u00edvel, conforme agenda de atendimento presencial, para orientar acerca da matr\u00edcula em TCC I e II.&nbsp;<\/p>\n\n\n\n<p>Jo\u00e3o Pessoa \u2013 PB, 14 de outubro de 2025<\/p>\n\n\n\n<p>Atenciosamente,<\/p>\n\n\n\n<p>Prof. Dr. Fabr\u00edcio Rodrigues \u2013 Coordenador&nbsp;<\/p>\n\n\n\n<p>Profa. Dra. Edna Tania \u2013 Vice coordenadora<\/p>\n\n\n\n<p>Coordena\u00e7\u00e3o do Curso de Gradua\u00e7\u00e3o em Servi\u00e7o Social \u2013 CCSS\/CCHLA\/UFPB<\/p>\n","protected":false},"excerpt":{"rendered":"<p>PER\u00cdODO 2025.2 Prezados\/as discentes,&nbsp;&nbsp;que est\u00e3o aptos\/as a matr\u00edcula em TCC I e II, per\u00edodo 2025.2, do curso de gradua\u00e7\u00e3o em Servi\u00e7o Social \u2013 CSS\/CCHLA\/UFPB, A coordena\u00e7\u00e3o do Curso de Gradua\u00e7\u00e3o em Servi\u00e7o Social \u2013 CCSS\/CCHLA\/UFPB vem disponibilizar, por meio deste,&nbsp;o link do formul\u00e1rio que coleta as informa\u00e7\u00f5es necess\u00e1rias para a&nbsp;matr\u00edcula em Trabalho de Conclus\u00e3o de [&hellip;]<\/p>\n","protected":false},"author":247,"featured_media":301,"comment_status":"closed","ping_status":"open","sticky":false,"template":"","format":"standard","meta":{"footnotes":""},"categories":[],"tags":[],"class_list":["post-463","post","type-post","status-publish","format-standard","has-post-thumbnail","hentry"],"_links":{"self":[{"href":"https:\/\/www.cchla.ufpb.br\/css\/wp-json\/wp\/v2\/posts\/463","targetHints":{"allow":["GET"]}}],"collection":[{"href":"https:\/\/www.cchla.ufpb.br\/css\/wp-json\/wp\/v2\/posts"}],"about":[{"href":"https:\/\/www.cchla.ufpb.br\/css\/wp-json\/wp\/v2\/types\/post"}],"author":[{"embeddable":true,"href":"https:\/\/www.cchla.ufpb.br\/css\/wp-json\/wp\/v2\/users\/247"}],"replies":[{"embeddable":true,"href":"https:\/\/www.cchla.ufpb.br\/css\/wp-json\/wp\/v2\/comments?post=463"}],"version-history":[{"count":1,"href":"https:\/\/www.cchla.ufpb.br\/css\/wp-json\/wp\/v2\/posts\/463\/revisions"}],"predecessor-version":[{"id":464,"href":"https:\/\/www.cchla.ufpb.br\/css\/wp-json\/wp\/v2\/posts\/463\/revisions\/464"}],"wp:featuredmedia":[{"embeddable":true,"href":"https:\/\/www.cchla.ufpb.br\/css\/wp-json\/wp\/v2\/media\/301"}],"wp:attachment":[{"href":"https:\/\/www.cchla.ufpb.br\/css\/wp-json\/wp\/v2\/media?parent=463"}],"wp:term":[{"taxonomy":"category","embeddable":true,"href":"https:\/\/www.cchla.ufpb.br\/css\/wp-json\/wp\/v2\/categories?post=463"},{"taxonomy":"post_tag","embeddable":true,"href":"https:\/\/www.cchla.ufpb.br\/css\/wp-json\/wp\/v2\/tags?post=463"}],"curies":[{"name":"wp","href":"https:\/\/api.w.org\/{rel}","templated":true}]}}