{"id":496,"date":"2025-11-03T15:37:56","date_gmt":"2025-11-03T18:37:56","guid":{"rendered":"https:\/\/www.cchla.ufpb.br\/css\/?p=496"},"modified":"2025-11-03T15:38:01","modified_gmt":"2025-11-03T18:38:01","slug":"inicio-das-atividades-do-semestre-2025-2","status":"publish","type":"post","link":"https:\/\/www.cchla.ufpb.br\/css\/uncategorized\/inicio-das-atividades-do-semestre-2025-2\/","title":{"rendered":"IN\u00cdCIO DAS ATIVIDADES DO SEMESTRE 2025.2"},"content":{"rendered":"\n<p><strong>Prezada comunidade acad\u00eamica do curso de gradua\u00e7\u00e3o em Servi\u00e7o Social -CSS\/CCHLA\/UFPB<\/strong><\/p>\n\n\n\n<p>A Coordena\u00e7\u00e3o do Curso de Gradua\u00e7\u00e3o em Servi\u00e7o Social deseja a toda a comunidade acad\u00eamica, composta por docentes, discentes e servidores\/as t\u00e9cnicos-administrativos, boas-vindas ao semestre 2025.2.<\/p>\n\n\n\n<p>Desejemos que seja um semestre repleto de aprendizagem, conquistas e de constru\u00e7\u00e3o coletiva do nosso projeto de forma\u00e7\u00e3o profissional.<\/p>\n\n\n\n<p>Jo\u00e3o Pessoa \u2013 PB, 03 de novembro de 2025<\/p>\n\n\n\n<p>Atenciosamente,<\/p>\n\n\n\n<p>Prof. Dr. Fabr\u00edcio Rodrigues \u2013 Coordenador&nbsp;<\/p>\n\n\n\n<p>Profa. Dra. Edna Tania \u2013 Vice coordenadora<\/p>\n\n\n\n<p>Coordena\u00e7\u00e3o do Curso de Gradua\u00e7\u00e3o em Servi\u00e7o Social \u2013 CCSS\/CCHLA\/UFPB<\/p>\n","protected":false},"excerpt":{"rendered":"<p>Prezada comunidade acad\u00eamica do curso de gradua\u00e7\u00e3o em Servi\u00e7o Social -CSS\/CCHLA\/UFPB A Coordena\u00e7\u00e3o do Curso de Gradua\u00e7\u00e3o em Servi\u00e7o Social deseja a toda a comunidade acad\u00eamica, composta por docentes, discentes e servidores\/as t\u00e9cnicos-administrativos, boas-vindas ao semestre 2025.2. Desejemos que seja um semestre repleto de aprendizagem, conquistas e de constru\u00e7\u00e3o coletiva do nosso projeto de forma\u00e7\u00e3o [&hellip;]<\/p>\n","protected":false},"author":247,"featured_media":301,"comment_status":"closed","ping_status":"open","sticky":false,"template":"","format":"standard","meta":{"footnotes":""},"categories":[],"tags":[],"class_list":["post-496","post","type-post","status-publish","format-standard","has-post-thumbnail","hentry"],"_links":{"self":[{"href":"https:\/\/www.cchla.ufpb.br\/css\/wp-json\/wp\/v2\/posts\/496","targetHints":{"allow":["GET"]}}],"collection":[{"href":"https:\/\/www.cchla.ufpb.br\/css\/wp-json\/wp\/v2\/posts"}],"about":[{"href":"https:\/\/www.cchla.ufpb.br\/css\/wp-json\/wp\/v2\/types\/post"}],"author":[{"embeddable":true,"href":"https:\/\/www.cchla.ufpb.br\/css\/wp-json\/wp\/v2\/users\/247"}],"replies":[{"embeddable":true,"href":"https:\/\/www.cchla.ufpb.br\/css\/wp-json\/wp\/v2\/comments?post=496"}],"version-history":[{"count":1,"href":"https:\/\/www.cchla.ufpb.br\/css\/wp-json\/wp\/v2\/posts\/496\/revisions"}],"predecessor-version":[{"id":497,"href":"https:\/\/www.cchla.ufpb.br\/css\/wp-json\/wp\/v2\/posts\/496\/revisions\/497"}],"wp:featuredmedia":[{"embeddable":true,"href":"https:\/\/www.cchla.ufpb.br\/css\/wp-json\/wp\/v2\/media\/301"}],"wp:attachment":[{"href":"https:\/\/www.cchla.ufpb.br\/css\/wp-json\/wp\/v2\/media?parent=496"}],"wp:term":[{"taxonomy":"category","embeddable":true,"href":"https:\/\/www.cchla.ufpb.br\/css\/wp-json\/wp\/v2\/categories?post=496"},{"taxonomy":"post_tag","embeddable":true,"href":"https:\/\/www.cchla.ufpb.br\/css\/wp-json\/wp\/v2\/tags?post=496"}],"curies":[{"name":"wp","href":"https:\/\/api.w.org\/{rel}","templated":true}]}}