{"id":543,"date":"2025-12-28T15:11:58","date_gmt":"2025-12-28T18:11:58","guid":{"rendered":"https:\/\/www.cchla.ufpb.br\/css\/?p=543"},"modified":"2025-12-28T15:12:02","modified_gmt":"2025-12-28T18:12:02","slug":"recesso-academico","status":"publish","type":"post","link":"https:\/\/www.cchla.ufpb.br\/css\/uncategorized\/recesso-academico\/","title":{"rendered":"RECESSO ACAD\u00caMICO"},"content":{"rendered":"\n<p><\/p>\n\n\n\n<p>A coordena\u00e7\u00e3o do Curso de Gradua\u00e7\u00e3o em Servi\u00e7o Social \u2013 CCSS\/CCHLA\/UFPB vem, por meio deste, desejar a toda comunidade acad\u00eamica do curso de gradua\u00e7\u00e3o em Servi\u00e7o Social da UFPB boas festas e um prospero ano novo. Conforme calend\u00e1rio acad\u00eamico 2025.2, o recesso acad\u00eamico se inicia em 16 de dezembro de 2025, com retorno as aulas em 02 de fevereiro de 2026.\u00a0<\/p>\n\n\n\n<p>Desejamos um bom descanso a todos\/as.<\/p>\n\n\n\n<p>Jo\u00e3o Pessoa \u2013 PB, 15 de dezembro de 2025<\/p>\n\n\n\n<p>Prof. Dr. Fabr\u00edcio Rodrigues \u2013 Coordenador&nbsp;<\/p>\n\n\n\n<p>Profa. Dra. Edna Tania \u2013 Vice coordenadora<\/p>\n\n\n\n<p>Coordena\u00e7\u00e3o do Curso de Gradua\u00e7\u00e3o em Servi\u00e7o Social \u2013 CCSS\/CCHLA\/UFPB<strong><\/strong><\/p>\n","protected":false},"excerpt":{"rendered":"<p>A coordena\u00e7\u00e3o do Curso de Gradua\u00e7\u00e3o em Servi\u00e7o Social \u2013 CCSS\/CCHLA\/UFPB vem, por meio deste, desejar a toda comunidade acad\u00eamica do curso de gradua\u00e7\u00e3o em Servi\u00e7o Social da UFPB boas festas e um prospero ano novo. Conforme calend\u00e1rio acad\u00eamico 2025.2, o recesso acad\u00eamico se inicia em 16 de dezembro de 2025, com retorno as aulas [&hellip;]<\/p>\n","protected":false},"author":247,"featured_media":301,"comment_status":"closed","ping_status":"open","sticky":false,"template":"","format":"standard","meta":{"footnotes":""},"categories":[],"tags":[],"class_list":["post-543","post","type-post","status-publish","format-standard","has-post-thumbnail","hentry"],"_links":{"self":[{"href":"https:\/\/www.cchla.ufpb.br\/css\/wp-json\/wp\/v2\/posts\/543","targetHints":{"allow":["GET"]}}],"collection":[{"href":"https:\/\/www.cchla.ufpb.br\/css\/wp-json\/wp\/v2\/posts"}],"about":[{"href":"https:\/\/www.cchla.ufpb.br\/css\/wp-json\/wp\/v2\/types\/post"}],"author":[{"embeddable":true,"href":"https:\/\/www.cchla.ufpb.br\/css\/wp-json\/wp\/v2\/users\/247"}],"replies":[{"embeddable":true,"href":"https:\/\/www.cchla.ufpb.br\/css\/wp-json\/wp\/v2\/comments?post=543"}],"version-history":[{"count":1,"href":"https:\/\/www.cchla.ufpb.br\/css\/wp-json\/wp\/v2\/posts\/543\/revisions"}],"predecessor-version":[{"id":544,"href":"https:\/\/www.cchla.ufpb.br\/css\/wp-json\/wp\/v2\/posts\/543\/revisions\/544"}],"wp:featuredmedia":[{"embeddable":true,"href":"https:\/\/www.cchla.ufpb.br\/css\/wp-json\/wp\/v2\/media\/301"}],"wp:attachment":[{"href":"https:\/\/www.cchla.ufpb.br\/css\/wp-json\/wp\/v2\/media?parent=543"}],"wp:term":[{"taxonomy":"category","embeddable":true,"href":"https:\/\/www.cchla.ufpb.br\/css\/wp-json\/wp\/v2\/categories?post=543"},{"taxonomy":"post_tag","embeddable":true,"href":"https:\/\/www.cchla.ufpb.br\/css\/wp-json\/wp\/v2\/tags?post=543"}],"curies":[{"name":"wp","href":"https:\/\/api.w.org\/{rel}","templated":true}]}}