{"id":560,"date":"2026-02-04T21:25:10","date_gmt":"2026-02-05T00:25:10","guid":{"rendered":"https:\/\/www.cchla.ufpb.br\/css\/?p=560"},"modified":"2026-02-04T21:25:10","modified_gmt":"2026-02-05T00:25:10","slug":"datas-importantes-2","status":"publish","type":"post","link":"https:\/\/www.cchla.ufpb.br\/css\/uncategorized\/datas-importantes-2\/","title":{"rendered":"DATAS IMPORTANTES"},"content":{"rendered":"\n<p><strong>Prezados(as) discentes do Curso de Gradua\u00e7\u00e3o em Servi\u00e7o Social \u2013 CSS\/CCHLA\/UFPB,<\/strong><\/p>\n\n\n\n<p><strong>A Coordena\u00e7\u00e3o do Curso de Gradua\u00e7\u00e3o em Servi\u00e7o Social \u2013 CSS\/CCHLA\/UFPB vem, por meio deste, destacar algumas datas importantes relativas aos procedimentos previstos no Calend\u00e1rio Acad\u00eamico 2025.2.<\/strong><\/p>\n\n\n\n<figure class=\"wp-block-table\"><table class=\"has-fixed-layout\"><tbody><tr><td><strong>PROCEDIMENTO<\/strong><\/td><td><strong>DATA<\/strong><\/td><\/tr><tr><td>Requerimento pelo discente no SIGAA (Online) de&nbsp;<strong>TRANCAMENTO&nbsp;<\/strong>parcial e\/ou total de componentes curriculares&nbsp;&nbsp;<\/td><td><strong>19 a 24\/02\/2026<\/strong><strong>&nbsp;<\/strong><\/td><\/tr><tr><td>Solicita\u00e7\u00e3o pelo discente de&nbsp;<strong>Aproveitamento\/Dispensa de Estudos nas Coordena\u00e7\u00f5es de Curso&nbsp;<\/strong>para o&nbsp;<strong>Per\u00edodo 2026.1&nbsp;<\/strong>(as demais permanecem como fluxo cont\u00ednuo, conforme a Res. 29\/2020, com limite&nbsp;<strong>at\u00e9 06\/03\/2026<\/strong>, para poderem se matricular no per\u00edodo 2026.1)&nbsp;<\/td><td><strong>02 a 06\/03\/2026<\/strong><strong>&nbsp;<\/strong><\/td><\/tr><tr><td>Requerimento pelo discente para&nbsp;<strong>Abrevia\u00e7\u00e3o de Curso&nbsp;<\/strong>nas Coordena\u00e7\u00f5es de Curso para o&nbsp;<strong>Per\u00edodo 2026.1&nbsp;<\/strong>&nbsp;<\/td><td><strong>02 a 06\/03\/2026<\/strong><strong>&nbsp;<\/strong><\/td><\/tr><tr><td>Requerimento pelo discente de&nbsp;<strong>Dilata\u00e7\u00e3o de prazo nas Coordena\u00e7\u00f5es&nbsp;<\/strong>de Curso&nbsp;<strong>para 2026.1&nbsp;<\/strong>&nbsp;<\/td><td><strong>02 a 06\/03\/2026<\/strong><strong>&nbsp;<\/strong><\/td><\/tr><tr><td>Per\u00edodo de Inscri\u00e7\u00e3o para&nbsp;<strong>Mobilidade Estudantil\/ANDIFES&nbsp;<\/strong>(Associa\u00e7\u00e3o Nacional dos Dirigentes das Institui\u00e7\u00f5es Federais de Ensino Superior)&nbsp;<strong>(Discentes da UFPB) para 2026.1<\/strong>&nbsp;<\/td><td><strong>15\/04 a 15\/05\/2026<\/strong><strong>&nbsp;<\/strong><\/td><\/tr><tr><td><strong>T\u00c9RMINO DO PER\u00cdODO LETIVO 2025.2<\/strong>&nbsp;<\/td><td><strong>08\/04\/2026<\/strong>&nbsp;<\/td><\/tr><tr><td><strong>Realiza\u00e7\u00e3o de Exames Finais&nbsp;<\/strong><strong>&nbsp;<\/strong><\/td><td>09 a 14\/04\/2026<strong>&nbsp;<\/strong><\/td><\/tr><tr><td><strong>Registro de M\u00e9dias Finais no SIGAA&nbsp;<\/strong><strong>&nbsp;<\/strong><\/td><td>09 a 15\/04\/2026&nbsp;<\/td><\/tr><\/tbody><\/table><\/figure>\n\n\n\n<p><\/p>\n\n\n\n<p>A Coordena\u00e7\u00e3o do Curso de Gradua\u00e7\u00e3o em Servi\u00e7o Social \u2013 CCSS\/CCHLA\/UFPB permanece \u00e0 disposi\u00e7\u00e3o por meio dos canais oficiais de comunica\u00e7\u00e3o e do atendimento presencial, conforme a agenda de atendimento, para orientar sobre os procedimentos mencionados.<\/p>\n\n\n\n<p><\/p>\n\n\n\n<p class=\"has-text-align-right\">Jo\u00e3o Pessoa \u2013 PB, 04 de fevereiro de 2026<\/p>\n\n\n\n<p><\/p>\n\n\n\n<p>Atenciosamente,<\/p>\n\n\n\n<p>Coordena\u00e7\u00e3o do Curso de Gradua\u00e7\u00e3o em Servi\u00e7o Social \u2013 CSS\/CCHLA\/UFPB<\/p>\n","protected":false},"excerpt":{"rendered":"<p>Prezados(as) discentes do Curso de Gradua\u00e7\u00e3o em Servi\u00e7o Social \u2013 CSS\/CCHLA\/UFPB, A Coordena\u00e7\u00e3o do Curso de Gradua\u00e7\u00e3o em Servi\u00e7o Social \u2013 CSS\/CCHLA\/UFPB vem, por meio deste, destacar algumas datas importantes relativas aos procedimentos previstos no Calend\u00e1rio Acad\u00eamico 2025.2. PROCEDIMENTO DATA Requerimento pelo discente no SIGAA (Online) de&nbsp;TRANCAMENTO&nbsp;parcial e\/ou total de componentes curriculares&nbsp;&nbsp; 19 a 24\/02\/2026&nbsp; [&hellip;]<\/p>\n","protected":false},"author":247,"featured_media":301,"comment_status":"closed","ping_status":"open","sticky":false,"template":"","format":"standard","meta":{"footnotes":""},"categories":[1],"tags":[],"class_list":["post-560","post","type-post","status-publish","format-standard","has-post-thumbnail","hentry","category-uncategorized"],"_links":{"self":[{"href":"https:\/\/www.cchla.ufpb.br\/css\/wp-json\/wp\/v2\/posts\/560","targetHints":{"allow":["GET"]}}],"collection":[{"href":"https:\/\/www.cchla.ufpb.br\/css\/wp-json\/wp\/v2\/posts"}],"about":[{"href":"https:\/\/www.cchla.ufpb.br\/css\/wp-json\/wp\/v2\/types\/post"}],"author":[{"embeddable":true,"href":"https:\/\/www.cchla.ufpb.br\/css\/wp-json\/wp\/v2\/users\/247"}],"replies":[{"embeddable":true,"href":"https:\/\/www.cchla.ufpb.br\/css\/wp-json\/wp\/v2\/comments?post=560"}],"version-history":[{"count":1,"href":"https:\/\/www.cchla.ufpb.br\/css\/wp-json\/wp\/v2\/posts\/560\/revisions"}],"predecessor-version":[{"id":561,"href":"https:\/\/www.cchla.ufpb.br\/css\/wp-json\/wp\/v2\/posts\/560\/revisions\/561"}],"wp:featuredmedia":[{"embeddable":true,"href":"https:\/\/www.cchla.ufpb.br\/css\/wp-json\/wp\/v2\/media\/301"}],"wp:attachment":[{"href":"https:\/\/www.cchla.ufpb.br\/css\/wp-json\/wp\/v2\/media?parent=560"}],"wp:term":[{"taxonomy":"category","embeddable":true,"href":"https:\/\/www.cchla.ufpb.br\/css\/wp-json\/wp\/v2\/categories?post=560"},{"taxonomy":"post_tag","embeddable":true,"href":"https:\/\/www.cchla.ufpb.br\/css\/wp-json\/wp\/v2\/tags?post=560"}],"curies":[{"name":"wp","href":"https:\/\/api.w.org\/{rel}","templated":true}]}}