{"id":628,"date":"2026-03-31T11:18:33","date_gmt":"2026-03-31T14:18:33","guid":{"rendered":"https:\/\/www.cchla.ufpb.br\/css\/?p=628"},"modified":"2026-03-31T11:18:56","modified_gmt":"2026-03-31T14:18:56","slug":"expediente-semana-santa","status":"publish","type":"post","link":"https:\/\/www.cchla.ufpb.br\/css\/uncategorized\/expediente-semana-santa\/","title":{"rendered":"EXPEDIENTE SEMANA SANTA"},"content":{"rendered":"\n<p><\/p>\n\n\n\n<p>A coordena\u00e7\u00e3o do Curso de Gradua\u00e7\u00e3o em Servi\u00e7o Social \u2013 CCSS\/UFPB vem, por meio deste, divulgar o&nbsp;<strong>OF\u00cdCIO ELETR\u00d4NICO N\u00ba 86\/2026,<\/strong>&nbsp;emitido pela Pr\u00f3-Reitoria de Gest\u00e3o de Pessoas (PROGEP) e a Pr\u00f3-Reitoria de Gradua\u00e7\u00e3o (PRG) da Universidade Federal da Para\u00edba, no qual informam que,&nbsp;<strong>no dia 02 de abril de 2026, as atividades administrativas estar\u00e3o suspensas em todas as unidades acad\u00eamicas e administrativas, conforme delibera\u00e7\u00e3o do Gabinete da Reitoria e da PROGEP.<\/strong><\/p>\n\n\n\n<p><\/p>\n\n\n\n<p><strong>No que se refere \u00e0s atividades acad\u00eamicas, a PRG sugere aos(\u00e0s) docentes a ado\u00e7\u00e3o de atividades compat\u00edveis com as Atividades Pr\u00e1ticas Supervisionadas (APS) na referida data.&nbsp;<\/strong><\/p>\n\n\n\n<p><\/p>\n\n\n\n<p>Acesse o of\u00edcio na integra.&nbsp;<\/p>\n\n\n\n<p><\/p>\n\n\n\n<p>Jo\u00e3o Pessoa \u2013 PB, 31 de mar\u00e7o de 2026.<\/p>\n\n\n\n<p>Prof. Dr. Fabr\u00edcio Rodrigues \u2013 Coordenador<\/p>\n\n\n\n<p>Profa. Dra. Edna Tania \u2013 Vice Coordenadora<\/p>\n\n\n\n<p>Coordena\u00e7\u00e3o do Curso de Gradua\u00e7\u00e3o em Servi\u00e7o Social \u2013 CCSS\/CCHLA\/UFPB<\/p>\n\n\n\n<p><\/p>\n\n\n\n<div data-wp-interactive=\"core\/file\" class=\"wp-block-file\"><object data-wp-bind--hidden=\"!state.hasPdfPreview\" hidden class=\"wp-block-file__embed\" data=\"https:\/\/www.cchla.ufpb.br\/css\/wp-content\/uploads\/sites\/122\/sites\/274\/2026\/03\/Oficio-Eletronico-86.2026-Expediente-Semana-Santa.pdf\" type=\"application\/pdf\" style=\"width:100%;height:600px\" aria-label=\"Incorporado de Of\u00edcio Eletr\u00f4nico 86.2026 - Expediente Semana Santa.\"><\/object><a id=\"wp-block-file--media-006d99c9-a374-4d21-a450-312455534b25\" href=\"https:\/\/www.cchla.ufpb.br\/css\/wp-content\/uploads\/sites\/122\/sites\/274\/2026\/03\/Oficio-Eletronico-86.2026-Expediente-Semana-Santa.pdf\">Of\u00edcio Eletr\u00f4nico 86.2026 &#8211; Expediente Semana Santa<\/a><a href=\"https:\/\/www.cchla.ufpb.br\/css\/wp-content\/uploads\/sites\/122\/sites\/274\/2026\/03\/Oficio-Eletronico-86.2026-Expediente-Semana-Santa.pdf\" class=\"wp-block-file__button wp-element-button\" download aria-describedby=\"wp-block-file--media-006d99c9-a374-4d21-a450-312455534b25\">Baixar<\/a><\/div>\n","protected":false},"excerpt":{"rendered":"<p>A coordena\u00e7\u00e3o do Curso de Gradua\u00e7\u00e3o em Servi\u00e7o Social \u2013 CCSS\/UFPB vem, por meio deste, divulgar o&nbsp;OF\u00cdCIO ELETR\u00d4NICO N\u00ba 86\/2026,&nbsp;emitido pela Pr\u00f3-Reitoria de Gest\u00e3o de Pessoas (PROGEP) e a Pr\u00f3-Reitoria de Gradua\u00e7\u00e3o (PRG) da Universidade Federal da Para\u00edba, no qual informam que,&nbsp;no dia 02 de abril de 2026, as atividades administrativas estar\u00e3o suspensas em todas [&hellip;]<\/p>\n","protected":false},"author":247,"featured_media":301,"comment_status":"closed","ping_status":"open","sticky":false,"template":"","format":"standard","meta":{"footnotes":""},"categories":[1],"tags":[],"class_list":["post-628","post","type-post","status-publish","format-standard","has-post-thumbnail","hentry","category-uncategorized"],"_links":{"self":[{"href":"https:\/\/www.cchla.ufpb.br\/css\/wp-json\/wp\/v2\/posts\/628","targetHints":{"allow":["GET"]}}],"collection":[{"href":"https:\/\/www.cchla.ufpb.br\/css\/wp-json\/wp\/v2\/posts"}],"about":[{"href":"https:\/\/www.cchla.ufpb.br\/css\/wp-json\/wp\/v2\/types\/post"}],"author":[{"embeddable":true,"href":"https:\/\/www.cchla.ufpb.br\/css\/wp-json\/wp\/v2\/users\/247"}],"replies":[{"embeddable":true,"href":"https:\/\/www.cchla.ufpb.br\/css\/wp-json\/wp\/v2\/comments?post=628"}],"version-history":[{"count":3,"href":"https:\/\/www.cchla.ufpb.br\/css\/wp-json\/wp\/v2\/posts\/628\/revisions"}],"predecessor-version":[{"id":632,"href":"https:\/\/www.cchla.ufpb.br\/css\/wp-json\/wp\/v2\/posts\/628\/revisions\/632"}],"wp:featuredmedia":[{"embeddable":true,"href":"https:\/\/www.cchla.ufpb.br\/css\/wp-json\/wp\/v2\/media\/301"}],"wp:attachment":[{"href":"https:\/\/www.cchla.ufpb.br\/css\/wp-json\/wp\/v2\/media?parent=628"}],"wp:term":[{"taxonomy":"category","embeddable":true,"href":"https:\/\/www.cchla.ufpb.br\/css\/wp-json\/wp\/v2\/categories?post=628"},{"taxonomy":"post_tag","embeddable":true,"href":"https:\/\/www.cchla.ufpb.br\/css\/wp-json\/wp\/v2\/tags?post=628"}],"curies":[{"name":"wp","href":"https:\/\/api.w.org\/{rel}","templated":true}]}}