{"id":658,"date":"2026-04-09T18:11:51","date_gmt":"2026-04-09T21:11:51","guid":{"rendered":"https:\/\/www.cchla.ufpb.br\/css\/?p=658"},"modified":"2026-04-09T18:11:51","modified_gmt":"2026-04-09T21:11:51","slug":"selecao-de-estagio-fundacao-cidade-viva","status":"publish","type":"post","link":"https:\/\/www.cchla.ufpb.br\/css\/uncategorized\/selecao-de-estagio-fundacao-cidade-viva\/","title":{"rendered":"SELE\u00c7\u00c3O DE EST\u00c1GIO &#8211; FUNDA\u00c7\u00c3O CIDADE VIVA\u00a0"},"content":{"rendered":"\n<p><\/p>\n\n\n\n<p>A coordena\u00e7\u00e3o do Curso de Gradua\u00e7\u00e3o em Servi\u00e7o Social \u2013 CCSS\/UFPB vem por meio deste divulgar o&nbsp;<strong>PROCESSO DE SELE\u00c7\u00c3O DE EST\u00c1GIO EM SERVI\u00c7O SOCIAL DA FUNDA\u00c7\u00c3O CIDADE VIVA.&nbsp;<\/strong>No processo seletivo, discentes do curso de gradua\u00e7\u00e3o em Servi\u00e7o Social podem participar da sele\u00e7\u00e3o,&nbsp;<strong>matriculados(as) a partir do 4\u00ba per\u00edodo do curso, conforme define a Funda\u00e7\u00e3o Cidade Viva.&nbsp;<\/strong><\/p>\n\n\n\n<p>O valor da bolsa \u00e9 de&nbsp;<strong>R$825,00 (oitocentos e vinte e cinco reais) e aux\u00edlio-deslocamento.<\/strong><\/p>\n\n\n\n<p><strong>Carga hor\u00e1ria de 30 horas semanais.&nbsp;<\/strong><\/p>\n\n\n\n<p><strong>ACESSE O SITE DA FUNDA\u00c7\u00c3O CIDADE VIVA E PARTICIPE DA SELE\u00c7\u00c3O<\/strong><\/p>\n\n\n\n<ul class=\"wp-block-list\">\n<li><a href=\"https:\/\/prd-pc1.lg.com.br\/Vagas\/c\/DA394BCE-E206-46FC-B27D-CD411F67B258\/p\/portaldevagas\/pt-BR\/Vaga\/Divulgacao?codigo=602\">https:\/\/prd-pc1.lg.com.br\/Vagas\/c\/DA394BCE-E206-46FC-B27D-CD411F67B258\/p\/portaldevagas\/pt-BR\/Vaga\/Divulgacao?codigo=602<\/a><\/li>\n<\/ul>\n\n\n\n<p>Jo\u00e3o Pessoa \u2013 PB, 09 de abril de 2026<\/p>\n\n\n\n<p>Prof. Dr. Fabr\u00edcio Rodrigues \u2013 Coordenador&nbsp;<\/p>\n\n\n\n<p>Profa. Dra. Edna Tania \u2013 Vice Coordenadora<\/p>\n\n\n\n<p>Coordena\u00e7\u00e3o do Curso de Gradua\u00e7\u00e3o em Servi\u00e7o Social \u2013 CCSS\/CCHLA\/UFPB<\/p>\n\n\n\n<figure class=\"wp-block-image size-large\"><img loading=\"lazy\" decoding=\"async\" width=\"574\" height=\"1024\" src=\"https:\/\/www.cchla.ufpb.br\/css\/wp-content\/uploads\/sites\/122\/sites\/274\/2026\/04\/WhatsApp-Image-2026-04-09-at-14.47.18-574x1024.jpeg\" alt=\"\" class=\"wp-image-659\" srcset=\"https:\/\/www.cchla.ufpb.br\/css\/wp-content\/uploads\/sites\/122\/sites\/274\/2026\/04\/WhatsApp-Image-2026-04-09-at-14.47.18-574x1024.jpeg 574w, https:\/\/www.cchla.ufpb.br\/css\/wp-content\/uploads\/sites\/122\/sites\/274\/2026\/04\/WhatsApp-Image-2026-04-09-at-14.47.18-168x300.jpeg 168w, https:\/\/www.cchla.ufpb.br\/css\/wp-content\/uploads\/sites\/122\/sites\/274\/2026\/04\/WhatsApp-Image-2026-04-09-at-14.47.18-768x1370.jpeg 768w, https:\/\/www.cchla.ufpb.br\/css\/wp-content\/uploads\/sites\/122\/sites\/274\/2026\/04\/WhatsApp-Image-2026-04-09-at-14.47.18.jpeg 827w\" sizes=\"auto, (max-width: 574px) 100vw, 574px\" \/><\/figure>\n\n\n\n<p><\/p>\n","protected":false},"excerpt":{"rendered":"<p>A coordena\u00e7\u00e3o do Curso de Gradua\u00e7\u00e3o em Servi\u00e7o Social \u2013 CCSS\/UFPB vem por meio deste divulgar o&nbsp;PROCESSO DE SELE\u00c7\u00c3O DE EST\u00c1GIO EM SERVI\u00c7O SOCIAL DA FUNDA\u00c7\u00c3O CIDADE VIVA.&nbsp;No processo seletivo, discentes do curso de gradua\u00e7\u00e3o em Servi\u00e7o Social podem participar da sele\u00e7\u00e3o,&nbsp;matriculados(as) a partir do 4\u00ba per\u00edodo do curso, conforme define a Funda\u00e7\u00e3o Cidade Viva.&nbsp; [&hellip;]<\/p>\n","protected":false},"author":247,"featured_media":659,"comment_status":"closed","ping_status":"open","sticky":false,"template":"","format":"standard","meta":{"footnotes":""},"categories":[1],"tags":[],"class_list":["post-658","post","type-post","status-publish","format-standard","has-post-thumbnail","hentry","category-uncategorized"],"_links":{"self":[{"href":"https:\/\/www.cchla.ufpb.br\/css\/wp-json\/wp\/v2\/posts\/658","targetHints":{"allow":["GET"]}}],"collection":[{"href":"https:\/\/www.cchla.ufpb.br\/css\/wp-json\/wp\/v2\/posts"}],"about":[{"href":"https:\/\/www.cchla.ufpb.br\/css\/wp-json\/wp\/v2\/types\/post"}],"author":[{"embeddable":true,"href":"https:\/\/www.cchla.ufpb.br\/css\/wp-json\/wp\/v2\/users\/247"}],"replies":[{"embeddable":true,"href":"https:\/\/www.cchla.ufpb.br\/css\/wp-json\/wp\/v2\/comments?post=658"}],"version-history":[{"count":1,"href":"https:\/\/www.cchla.ufpb.br\/css\/wp-json\/wp\/v2\/posts\/658\/revisions"}],"predecessor-version":[{"id":660,"href":"https:\/\/www.cchla.ufpb.br\/css\/wp-json\/wp\/v2\/posts\/658\/revisions\/660"}],"wp:featuredmedia":[{"embeddable":true,"href":"https:\/\/www.cchla.ufpb.br\/css\/wp-json\/wp\/v2\/media\/659"}],"wp:attachment":[{"href":"https:\/\/www.cchla.ufpb.br\/css\/wp-json\/wp\/v2\/media?parent=658"}],"wp:term":[{"taxonomy":"category","embeddable":true,"href":"https:\/\/www.cchla.ufpb.br\/css\/wp-json\/wp\/v2\/categories?post=658"},{"taxonomy":"post_tag","embeddable":true,"href":"https:\/\/www.cchla.ufpb.br\/css\/wp-json\/wp\/v2\/tags?post=658"}],"curies":[{"name":"wp","href":"https:\/\/api.w.org\/{rel}","templated":true}]}}