{"id":672,"date":"2026-04-16T19:22:34","date_gmt":"2026-04-16T22:22:34","guid":{"rendered":"https:\/\/www.cchla.ufpb.br\/css\/?p=672"},"modified":"2026-04-24T14:26:48","modified_gmt":"2026-04-24T17:26:48","slug":"recepcao-dosas-feras-semestre-2026-1","status":"publish","type":"post","link":"https:\/\/www.cchla.ufpb.br\/css\/uncategorized\/recepcao-dosas-feras-semestre-2026-1\/","title":{"rendered":"RECEP\u00c7\u00c3O DOS(AS) FERAS \u2013 SEMESTRE 2026.1"},"content":{"rendered":"\n<p><strong>Prezados(as) discentes ingressantes do per\u00edodo 2026.1,<\/strong>&nbsp;desejamos-lhes boas-vindas ao Curso de Gradua\u00e7\u00e3o em Servi\u00e7o Social da Universidade Federal da Para\u00edba (UFPB).<\/p>\n\n\n\n<p><\/p>\n\n\n\n<p>\u00c9 com imensa alegria que a Coordena\u00e7\u00e3o do Curso de Gradua\u00e7\u00e3o em Servi\u00e7o Social, a Coordena\u00e7\u00e3o de Est\u00e1gio, o Departamento de Servi\u00e7o Social e o Centro Acad\u00eamico de Servi\u00e7o Social da Universidade Federal da Para\u00edba convidam todos(as) os(as)&nbsp;<strong>discentes ingressantes do per\u00edodo 2026.1 para a III Semana de Abertura Acad\u00eamica dos(as) Ingressantes do Curso de Gradua\u00e7\u00e3o em Servi\u00e7o Social da Universidade Federal da Para\u00edba (UFPB), semestre 2026.1, que ser\u00e1 realizada entre os dias 27 e 30 de abril de 2026.<\/strong><\/p>\n\n\n\n<p><\/p>\n\n\n\n<p>Trata-se de importantes atividades did\u00e1tico-pedag\u00f3gicas e acad\u00eamico-cient\u00edficas, constru\u00eddas pelas unidades que comp\u00f5em o Curso de Gradua\u00e7\u00e3o em Servi\u00e7o Social da Universidade Federal da Para\u00edba \u2013 UFPB.<\/p>\n\n\n\n<p><\/p>\n\n\n\n<p>Confiram a programa\u00e7\u00e3o das atividades a seguir e participem! Em breve, disponibilizaremos o link para inscri\u00e7\u00e3o e certifica\u00e7\u00e3o pelo SIGEVENTOS.<\/p>\n\n\n\n<p><\/p>\n\n\n\n<p>Atenciosamente,<\/p>\n\n\n\n<p><\/p>\n\n\n\n<p>Prof. Dr. Fabr\u00edcio Rodrigues \u2013 Coordenador&nbsp;<\/p>\n\n\n\n<p>Profa. Dra. Edna Tania \u2013 Vice Coordenadora<\/p>\n\n\n\n<p>Coordena\u00e7\u00e3o do Curso de Gradua\u00e7\u00e3o em Servi\u00e7o Social \u2013 CCSS\/CCHLA\/UFPB<\/p>\n\n\n\n<p>E-mail:&nbsp;<a href=\"mailto:css@cchla\/ufpb.br\">css@cchla\/ufpb.br<\/a><\/p>\n\n\n\n<div data-wp-interactive=\"core\/file\" class=\"wp-block-file\"><object data-wp-bind--hidden=\"!state.hasPdfPreview\" hidden class=\"wp-block-file__embed\" data=\"https:\/\/www.cchla.ufpb.br\/css\/wp-content\/uploads\/sites\/122\/sites\/274\/2026\/04\/PROGRAMACAO-RECEPCAO-2026.1docx-1.pdf\" type=\"application\/pdf\" style=\"width:100%;height:600px\" aria-label=\"Incorporado de PROGRAMA\u00c7\u00c3O RECEP\u00c7\u00c3O 2026.1docx.\"><\/object><a id=\"wp-block-file--media-9f5949f1-35de-4108-929d-d406630cce58\" href=\"https:\/\/www.cchla.ufpb.br\/css\/wp-content\/uploads\/sites\/122\/sites\/274\/2026\/04\/PROGRAMACAO-RECEPCAO-2026.1docx-1.pdf\">PROGRAMA\u00c7\u00c3O RECEP\u00c7\u00c3O 2026.1docx<\/a><a href=\"https:\/\/www.cchla.ufpb.br\/css\/wp-content\/uploads\/sites\/122\/sites\/274\/2026\/04\/PROGRAMACAO-RECEPCAO-2026.1docx-1.pdf\" class=\"wp-block-file__button wp-element-button\" download aria-describedby=\"wp-block-file--media-9f5949f1-35de-4108-929d-d406630cce58\">Baixar<\/a><\/div>\n\n\n\n<figure class=\"wp-block-image size-large\"><img loading=\"lazy\" decoding=\"async\" width=\"683\" height=\"1024\" src=\"https:\/\/www.cchla.ufpb.br\/css\/wp-content\/uploads\/sites\/122\/sites\/274\/2026\/04\/7d42ed44-8c9c-4b78-b493-20c794fda00c-683x1024.png\" alt=\"\" class=\"wp-image-674\" srcset=\"https:\/\/www.cchla.ufpb.br\/css\/wp-content\/uploads\/sites\/122\/sites\/274\/2026\/04\/7d42ed44-8c9c-4b78-b493-20c794fda00c-683x1024.png 683w, https:\/\/www.cchla.ufpb.br\/css\/wp-content\/uploads\/sites\/122\/sites\/274\/2026\/04\/7d42ed44-8c9c-4b78-b493-20c794fda00c-200x300.png 200w, https:\/\/www.cchla.ufpb.br\/css\/wp-content\/uploads\/sites\/122\/sites\/274\/2026\/04\/7d42ed44-8c9c-4b78-b493-20c794fda00c-768x1152.png 768w, https:\/\/www.cchla.ufpb.br\/css\/wp-content\/uploads\/sites\/122\/sites\/274\/2026\/04\/7d42ed44-8c9c-4b78-b493-20c794fda00c.png 1024w\" sizes=\"auto, (max-width: 683px) 100vw, 683px\" \/><\/figure>\n","protected":false},"excerpt":{"rendered":"<p>Prezados(as) discentes ingressantes do per\u00edodo 2026.1,&nbsp;desejamos-lhes boas-vindas ao Curso de Gradua\u00e7\u00e3o em Servi\u00e7o Social da Universidade Federal da Para\u00edba (UFPB). \u00c9 com imensa alegria que a Coordena\u00e7\u00e3o do Curso de Gradua\u00e7\u00e3o em Servi\u00e7o Social, a Coordena\u00e7\u00e3o de Est\u00e1gio, o Departamento de Servi\u00e7o Social e o Centro Acad\u00eamico de Servi\u00e7o Social da Universidade Federal da Para\u00edba [&hellip;]<\/p>\n","protected":false},"author":247,"featured_media":674,"comment_status":"closed","ping_status":"open","sticky":false,"template":"","format":"standard","meta":{"footnotes":""},"categories":[1],"tags":[],"class_list":["post-672","post","type-post","status-publish","format-standard","has-post-thumbnail","hentry","category-uncategorized"],"_links":{"self":[{"href":"https:\/\/www.cchla.ufpb.br\/css\/wp-json\/wp\/v2\/posts\/672","targetHints":{"allow":["GET"]}}],"collection":[{"href":"https:\/\/www.cchla.ufpb.br\/css\/wp-json\/wp\/v2\/posts"}],"about":[{"href":"https:\/\/www.cchla.ufpb.br\/css\/wp-json\/wp\/v2\/types\/post"}],"author":[{"embeddable":true,"href":"https:\/\/www.cchla.ufpb.br\/css\/wp-json\/wp\/v2\/users\/247"}],"replies":[{"embeddable":true,"href":"https:\/\/www.cchla.ufpb.br\/css\/wp-json\/wp\/v2\/comments?post=672"}],"version-history":[{"count":3,"href":"https:\/\/www.cchla.ufpb.br\/css\/wp-json\/wp\/v2\/posts\/672\/revisions"}],"predecessor-version":[{"id":709,"href":"https:\/\/www.cchla.ufpb.br\/css\/wp-json\/wp\/v2\/posts\/672\/revisions\/709"}],"wp:featuredmedia":[{"embeddable":true,"href":"https:\/\/www.cchla.ufpb.br\/css\/wp-json\/wp\/v2\/media\/674"}],"wp:attachment":[{"href":"https:\/\/www.cchla.ufpb.br\/css\/wp-json\/wp\/v2\/media?parent=672"}],"wp:term":[{"taxonomy":"category","embeddable":true,"href":"https:\/\/www.cchla.ufpb.br\/css\/wp-json\/wp\/v2\/categories?post=672"},{"taxonomy":"post_tag","embeddable":true,"href":"https:\/\/www.cchla.ufpb.br\/css\/wp-json\/wp\/v2\/tags?post=672"}],"curies":[{"name":"wp","href":"https:\/\/api.w.org\/{rel}","templated":true}]}}