{"id":90,"date":"2024-04-02T18:14:41","date_gmt":"2024-04-02T18:14:41","guid":{"rendered":"https:\/\/www.cchla.ufpb.br\/encult\/?p=90"},"modified":"2024-08-09T16:49:44","modified_gmt":"2024-08-09T19:49:44","slug":"o-vi-encult-brasil-pais-multilingue","status":"publish","type":"post","link":"https:\/\/www.cchla.ufpb.br\/encult\/uncategorized\/o-vi-encult-brasil-pais-multilingue\/","title":{"rendered":"VI ENCULT: Brasil \u2013 pa\u00eds multil\u00edngue"},"content":{"rendered":"<div class=\"wp-block-image\">\n<figure class=\"alignleft size-medium\"><img loading=\"lazy\" decoding=\"async\" width=\"300\" height=\"300\" src=\"https:\/\/www.cchla.ufpb.br\/encult\/wp-content\/uploads\/sites\/122\/sites\/159\/2024\/08\/Banner-1080x1080-1-300x300.png\" alt=\"\" class=\"wp-image-262\" srcset=\"https:\/\/www.cchla.ufpb.br\/encult\/wp-content\/uploads\/sites\/122\/sites\/159\/2024\/08\/Banner-1080x1080-1-300x300.png 300w, https:\/\/www.cchla.ufpb.br\/encult\/wp-content\/uploads\/sites\/122\/sites\/159\/2024\/08\/Banner-1080x1080-1-1024x1024.png 1024w, https:\/\/www.cchla.ufpb.br\/encult\/wp-content\/uploads\/sites\/122\/sites\/159\/2024\/08\/Banner-1080x1080-1-150x150.png 150w, https:\/\/www.cchla.ufpb.br\/encult\/wp-content\/uploads\/sites\/122\/sites\/159\/2024\/08\/Banner-1080x1080-1-768x768.png 768w, https:\/\/www.cchla.ufpb.br\/encult\/wp-content\/uploads\/sites\/122\/sites\/159\/2024\/08\/Banner-1080x1080-1.png 1080w\" sizes=\"auto, (max-width: 300px) 100vw, 300px\" \/><\/figure>\n<\/div>\n\n\n<p>No VI Encontro (Inter)Nacional Cultura e Tradu\u00e7\u00e3o, discutiremos o multilinguismo, que, como a\ufb01rmam Rachel Gilmour e Tamar Steinitz (2018), deve envolver n\u00e3o s\u00f3 \u201ca pluralidade das formas lingu\u00edsticas, mas tamb\u00e9m o leque de rela\u00e7\u00f5es que s\u00e3o concebidas entre elas\u201d (p. 6). O tema&nbsp;<em>Brasil \u2013 pa\u00eds multil\u00edngue&nbsp;<\/em>pretende provocar re\ufb02ex\u00f5es acerca do multilinguismo no Brasil, das l\u00ednguas faladas em todo o pa\u00eds, desde a regi\u00e3o sul at\u00e9 a regi\u00e3o norte, e as poss\u00edveis rela\u00e7\u00f5es estabelecidas entre essas l\u00ednguas, a l\u00edngua portuguesa, as l\u00ednguas de fronteira e outros idiomas trazidos ao pa\u00eds nas diversas ondas migrat\u00f3rias.<\/p>\n\n\n\n<p>Para fomentar a discuss\u00e3o, o VI EnCult est\u00e1 organizado em sete eixos tem\u00e1ticos. O evento acontecer\u00e1 de 9 a 11 de outubro e inclui palestras, mesas-redondas e comunica\u00e7\u00f5es.<\/p>\n\n\n\n<p><\/p>\n","protected":false},"excerpt":{"rendered":"<p>No VI Encontro (Inter)Nacional Cultura e Tradu\u00e7\u00e3o, discutiremos o multilinguismo, que, como a\ufb01rmam Rachel Gilmour e Tamar Steinitz (2018), deve envolver n\u00e3o s\u00f3 \u201ca pluralidade das formas lingu\u00edsticas, mas tamb\u00e9m o leque de rela\u00e7\u00f5es que s\u00e3o concebidas entre elas\u201d (p. 6). O tema&nbsp;Brasil \u2013 pa\u00eds multil\u00edngue&nbsp;pretende provocar re\ufb02ex\u00f5es acerca do multilinguismo no Brasil, das l\u00ednguas [&hellip;]<\/p>\n","protected":false},"author":99,"featured_media":282,"comment_status":"open","ping_status":"open","sticky":false,"template":"","format":"standard","meta":{"footnotes":""},"categories":[1],"tags":[],"class_list":["post-90","post","type-post","status-publish","format-standard","has-post-thumbnail","hentry","category-uncategorized"],"_links":{"self":[{"href":"https:\/\/www.cchla.ufpb.br\/encult\/wp-json\/wp\/v2\/posts\/90","targetHints":{"allow":["GET"]}}],"collection":[{"href":"https:\/\/www.cchla.ufpb.br\/encult\/wp-json\/wp\/v2\/posts"}],"about":[{"href":"https:\/\/www.cchla.ufpb.br\/encult\/wp-json\/wp\/v2\/types\/post"}],"author":[{"embeddable":true,"href":"https:\/\/www.cchla.ufpb.br\/encult\/wp-json\/wp\/v2\/users\/99"}],"replies":[{"embeddable":true,"href":"https:\/\/www.cchla.ufpb.br\/encult\/wp-json\/wp\/v2\/comments?post=90"}],"version-history":[{"count":3,"href":"https:\/\/www.cchla.ufpb.br\/encult\/wp-json\/wp\/v2\/posts\/90\/revisions"}],"predecessor-version":[{"id":273,"href":"https:\/\/www.cchla.ufpb.br\/encult\/wp-json\/wp\/v2\/posts\/90\/revisions\/273"}],"wp:featuredmedia":[{"embeddable":true,"href":"https:\/\/www.cchla.ufpb.br\/encult\/wp-json\/wp\/v2\/media\/282"}],"wp:attachment":[{"href":"https:\/\/www.cchla.ufpb.br\/encult\/wp-json\/wp\/v2\/media?parent=90"}],"wp:term":[{"taxonomy":"category","embeddable":true,"href":"https:\/\/www.cchla.ufpb.br\/encult\/wp-json\/wp\/v2\/categories?post=90"},{"taxonomy":"post_tag","embeddable":true,"href":"https:\/\/www.cchla.ufpb.br\/encult\/wp-json\/wp\/v2\/tags?post=90"}],"curies":[{"name":"wp","href":"https:\/\/api.w.org\/{rel}","templated":true}]}}