{"id":246,"date":"2018-07-20T20:25:41","date_gmt":"2018-07-20T23:25:41","guid":{"rendered":"http:\/\/www.cchla.ufpb.br\/gpsmdq\/?p=246"},"modified":"2018-07-20T20:50:54","modified_gmt":"2018-07-20T23:50:54","slug":"extensao-apresenta-se-no-1o-seminario-de-extensao-do-cchla-ufpb","status":"publish","type":"post","link":"https:\/\/www.cchla.ufpb.br\/gpsmdq\/extensao-apresenta-se-no-1o-seminario-de-extensao-do-cchla-ufpb\/","title":{"rendered":"Extens\u00e3o em Atendimento Psicol\u00f3gico a Dependentes Qu\u00edmicos e Seus Familiares apresenta-se no 1\u00ba Semin\u00e1rio de Extens\u00e3o do CCHLA-UFPB"},"content":{"rendered":"\r\n\r\nNa \u00faltima quarta-feira (18\/07\/2018), a\u00a0Extens\u00e3o em Atendimento Psicol\u00f3gico a Dependentes Qu\u00edmicos e Seus Familiares\u00a0apresentou o projeto no I Semin\u00e1rio de Extens\u00e3o do CCHLA-UFPB. O evento contou com confer\u00eancias, apresenta\u00e7\u00f5es culturais e exibi\u00e7\u00e3o de filme. Nos Grupos Tem\u00e1ticos, foram realizadas apresenta\u00e7\u00f5es de trabalhos.\r\n\r\nA Extens\u00e3o de Atendimento Psicol\u00f3gico a Dependentes Qu\u00edmicos e Seus Familiares, que prop\u00f5e primariamente o acolhimento aos indiv\u00edduos que fazem uso <a href=\"https:\/\/www.cchla.ufpb.br\/gpsmdq\/extensao-apresenta-se-no-1o-seminario-de-extensao-do-cchla-ufpb\/\" class=\"more-link\">Read more [...]<\/a>","protected":false},"excerpt":{"rendered":"<p>Na \u00faltima quarta-feira (18\/07\/2018), a\u00a0Extens\u00e3o em Atendimento Psicol\u00f3gico a Dependentes Qu\u00edmicos e Seus Familiares\u00a0apresentou o projeto no I Semin\u00e1rio de Extens\u00e3o do CCHLA-UFPB. O evento contou com confer\u00eancias, apresenta\u00e7\u00f5es culturais [&hellip;]<\/p>\n","protected":false},"author":2,"featured_media":0,"comment_status":"open","ping_status":"open","sticky":false,"template":"","format":"standard","meta":[],"categories":[1],"tags":[],"yoast_head":"<!-- This site is optimized with the Yoast SEO plugin v20.6 - https:\/\/yoast.com\/wordpress\/plugins\/seo\/ -->\n<title>Extens\u00e3o em Atendimento Psicol\u00f3gico a Dependentes Qu\u00edmicos e Seus Familiares apresenta-se no 1\u00ba Semin\u00e1rio de Extens\u00e3o do CCHLA-UFPB - GRUPO DE PESQUISA EM SA\u00daDE MENTAL E DEPEND\u00caNCIA QU\u00cdMICA<\/title>\n<meta name=\"robots\" content=\"index, follow, max-snippet:-1, max-image-preview:large, max-video-preview:-1\" \/>\n<link rel=\"canonical\" href=\"https:\/\/www.cchla.ufpb.br\/gpsmdq\/extensao-apresenta-se-no-1o-seminario-de-extensao-do-cchla-ufpb\/\" \/>\n<meta property=\"og:locale\" content=\"pt_BR\" \/>\n<meta property=\"og:type\" content=\"article\" \/>\n<meta property=\"og:title\" content=\"Extens\u00e3o em Atendimento Psicol\u00f3gico a Dependentes Qu\u00edmicos e Seus Familiares apresenta-se no 1\u00ba Semin\u00e1rio de Extens\u00e3o do CCHLA-UFPB - GRUPO DE PESQUISA EM SA\u00daDE MENTAL E DEPEND\u00caNCIA QU\u00cdMICA\" \/>\n<meta property=\"og:description\" content=\"Na \u00faltima quarta-feira (18\/07\/2018), a\u00a0Extens\u00e3o em Atendimento Psicol\u00f3gico a Dependentes Qu\u00edmicos e Seus Familiares\u00a0apresentou o projeto no I Semin\u00e1rio de Extens\u00e3o do CCHLA-UFPB. O evento contou com confer\u00eancias, apresenta\u00e7\u00f5es culturais [&hellip;]\" \/>\n<meta property=\"og:url\" content=\"https:\/\/www.cchla.ufpb.br\/gpsmdq\/extensao-apresenta-se-no-1o-seminario-de-extensao-do-cchla-ufpb\/\" \/>\n<meta property=\"og:site_name\" content=\"GRUPO DE PESQUISA EM SA\u00daDE MENTAL E DEPEND\u00caNCIA QU\u00cdMICA\" \/>\n<meta property=\"article:published_time\" content=\"2018-07-20T23:25:41+00:00\" \/>\n<meta property=\"article:modified_time\" content=\"2018-07-20T23:50:54+00:00\" \/>\n<meta property=\"og:image\" content=\"http:\/\/www.cchla.ufpb.br\/gpsmdq\/wp-content\/uploads\/2018\/07\/IMG_20180718_164109.jpg\" \/>\n<meta name=\"author\" content=\"Silvana Maciel\" \/>\n<meta name=\"twitter:card\" content=\"summary_large_image\" \/>\n<meta name=\"twitter:label1\" content=\"Escrito por\" \/>\n\t<meta name=\"twitter:data1\" content=\"Silvana Maciel\" \/>\n\t<meta name=\"twitter:label2\" content=\"Est. tempo de leitura\" \/>\n\t<meta name=\"twitter:data2\" content=\"1 minuto\" \/>\n<script type=\"application\/ld+json\" class=\"yoast-schema-graph\">{\"@context\":\"https:\/\/schema.org\",\"@graph\":[{\"@type\":\"WebPage\",\"@id\":\"https:\/\/www.cchla.ufpb.br\/gpsmdq\/extensao-apresenta-se-no-1o-seminario-de-extensao-do-cchla-ufpb\/\",\"url\":\"https:\/\/www.cchla.ufpb.br\/gpsmdq\/extensao-apresenta-se-no-1o-seminario-de-extensao-do-cchla-ufpb\/\",\"name\":\"Extens\u00e3o em Atendimento Psicol\u00f3gico a Dependentes Qu\u00edmicos e Seus Familiares apresenta-se no 1\u00ba Semin\u00e1rio de Extens\u00e3o do CCHLA-UFPB - GRUPO DE PESQUISA EM SA\u00daDE MENTAL E DEPEND\u00caNCIA QU\u00cdMICA\",\"isPartOf\":{\"@id\":\"https:\/\/www.cchla.ufpb.br\/gpsmdq\/#website\"},\"datePublished\":\"2018-07-20T23:25:41+00:00\",\"dateModified\":\"2018-07-20T23:50:54+00:00\",\"author\":{\"@id\":\"https:\/\/www.cchla.ufpb.br\/gpsmdq\/#\/schema\/person\/fd154ccaef860078e5295e30d890160a\"},\"breadcrumb\":{\"@id\":\"https:\/\/www.cchla.ufpb.br\/gpsmdq\/extensao-apresenta-se-no-1o-seminario-de-extensao-do-cchla-ufpb\/#breadcrumb\"},\"inLanguage\":\"pt-BR\",\"potentialAction\":[{\"@type\":\"ReadAction\",\"target\":[\"https:\/\/www.cchla.ufpb.br\/gpsmdq\/extensao-apresenta-se-no-1o-seminario-de-extensao-do-cchla-ufpb\/\"]}]},{\"@type\":\"BreadcrumbList\",\"@id\":\"https:\/\/www.cchla.ufpb.br\/gpsmdq\/extensao-apresenta-se-no-1o-seminario-de-extensao-do-cchla-ufpb\/#breadcrumb\",\"itemListElement\":[{\"@type\":\"ListItem\",\"position\":1,\"name\":\"In\u00edcio\",\"item\":\"https:\/\/www.cchla.ufpb.br\/gpsmdq\/\"},{\"@type\":\"ListItem\",\"position\":2,\"name\":\"Extens\u00e3o em Atendimento Psicol\u00f3gico a Dependentes Qu\u00edmicos e Seus Familiares apresenta-se no 1\u00ba Semin\u00e1rio de Extens\u00e3o do CCHLA-UFPB\"}]},{\"@type\":\"WebSite\",\"@id\":\"https:\/\/www.cchla.ufpb.br\/gpsmdq\/#website\",\"url\":\"https:\/\/www.cchla.ufpb.br\/gpsmdq\/\",\"name\":\"GRUPO DE PESQUISA EM SA\u00daDE MENTAL E DEPEND\u00caNCIA QU\u00cdMICA\",\"description\":\"(GPSMDQ)\",\"potentialAction\":[{\"@type\":\"SearchAction\",\"target\":{\"@type\":\"EntryPoint\",\"urlTemplate\":\"https:\/\/www.cchla.ufpb.br\/gpsmdq\/?s={search_term_string}\"},\"query-input\":\"required name=search_term_string\"}],\"inLanguage\":\"pt-BR\"},{\"@type\":\"Person\",\"@id\":\"https:\/\/www.cchla.ufpb.br\/gpsmdq\/#\/schema\/person\/fd154ccaef860078e5295e30d890160a\",\"name\":\"Silvana Maciel\",\"image\":{\"@type\":\"ImageObject\",\"inLanguage\":\"pt-BR\",\"@id\":\"https:\/\/www.cchla.ufpb.br\/gpsmdq\/#\/schema\/person\/image\/\",\"url\":\"https:\/\/secure.gravatar.com\/avatar\/76d6afc5865ce08c155e47c7de25d65c?s=96&d=mm&r=g\",\"contentUrl\":\"https:\/\/secure.gravatar.com\/avatar\/76d6afc5865ce08c155e47c7de25d65c?s=96&d=mm&r=g\",\"caption\":\"Silvana Maciel\"},\"url\":\"https:\/\/www.cchla.ufpb.br\/gpsmdq\/author\/silvana\/\"}]}<\/script>\n<!-- \/ Yoast SEO plugin. -->","yoast_head_json":{"title":"Extens\u00e3o em Atendimento Psicol\u00f3gico a Dependentes Qu\u00edmicos e Seus Familiares apresenta-se no 1\u00ba Semin\u00e1rio de Extens\u00e3o do CCHLA-UFPB - GRUPO DE PESQUISA EM SA\u00daDE MENTAL E DEPEND\u00caNCIA QU\u00cdMICA","robots":{"index":"index","follow":"follow","max-snippet":"max-snippet:-1","max-image-preview":"max-image-preview:large","max-video-preview":"max-video-preview:-1"},"canonical":"https:\/\/www.cchla.ufpb.br\/gpsmdq\/extensao-apresenta-se-no-1o-seminario-de-extensao-do-cchla-ufpb\/","og_locale":"pt_BR","og_type":"article","og_title":"Extens\u00e3o em Atendimento Psicol\u00f3gico a Dependentes Qu\u00edmicos e Seus Familiares apresenta-se no 1\u00ba Semin\u00e1rio de Extens\u00e3o do CCHLA-UFPB - GRUPO DE PESQUISA EM SA\u00daDE MENTAL E DEPEND\u00caNCIA QU\u00cdMICA","og_description":"Na \u00faltima quarta-feira (18\/07\/2018), a\u00a0Extens\u00e3o em Atendimento Psicol\u00f3gico a Dependentes Qu\u00edmicos e Seus Familiares\u00a0apresentou o projeto no I Semin\u00e1rio de Extens\u00e3o do CCHLA-UFPB. O evento contou com confer\u00eancias, apresenta\u00e7\u00f5es culturais [&hellip;]","og_url":"https:\/\/www.cchla.ufpb.br\/gpsmdq\/extensao-apresenta-se-no-1o-seminario-de-extensao-do-cchla-ufpb\/","og_site_name":"GRUPO DE PESQUISA EM SA\u00daDE MENTAL E DEPEND\u00caNCIA QU\u00cdMICA","article_published_time":"2018-07-20T23:25:41+00:00","article_modified_time":"2018-07-20T23:50:54+00:00","og_image":[{"url":"http:\/\/www.cchla.ufpb.br\/gpsmdq\/wp-content\/uploads\/2018\/07\/IMG_20180718_164109.jpg"}],"author":"Silvana Maciel","twitter_card":"summary_large_image","twitter_misc":{"Escrito por":"Silvana Maciel","Est. tempo de leitura":"1 minuto"},"schema":{"@context":"https:\/\/schema.org","@graph":[{"@type":"WebPage","@id":"https:\/\/www.cchla.ufpb.br\/gpsmdq\/extensao-apresenta-se-no-1o-seminario-de-extensao-do-cchla-ufpb\/","url":"https:\/\/www.cchla.ufpb.br\/gpsmdq\/extensao-apresenta-se-no-1o-seminario-de-extensao-do-cchla-ufpb\/","name":"Extens\u00e3o em Atendimento Psicol\u00f3gico a Dependentes Qu\u00edmicos e Seus Familiares apresenta-se no 1\u00ba Semin\u00e1rio de Extens\u00e3o do CCHLA-UFPB - GRUPO DE PESQUISA EM SA\u00daDE MENTAL E DEPEND\u00caNCIA QU\u00cdMICA","isPartOf":{"@id":"https:\/\/www.cchla.ufpb.br\/gpsmdq\/#website"},"datePublished":"2018-07-20T23:25:41+00:00","dateModified":"2018-07-20T23:50:54+00:00","author":{"@id":"https:\/\/www.cchla.ufpb.br\/gpsmdq\/#\/schema\/person\/fd154ccaef860078e5295e30d890160a"},"breadcrumb":{"@id":"https:\/\/www.cchla.ufpb.br\/gpsmdq\/extensao-apresenta-se-no-1o-seminario-de-extensao-do-cchla-ufpb\/#breadcrumb"},"inLanguage":"pt-BR","potentialAction":[{"@type":"ReadAction","target":["https:\/\/www.cchla.ufpb.br\/gpsmdq\/extensao-apresenta-se-no-1o-seminario-de-extensao-do-cchla-ufpb\/"]}]},{"@type":"BreadcrumbList","@id":"https:\/\/www.cchla.ufpb.br\/gpsmdq\/extensao-apresenta-se-no-1o-seminario-de-extensao-do-cchla-ufpb\/#breadcrumb","itemListElement":[{"@type":"ListItem","position":1,"name":"In\u00edcio","item":"https:\/\/www.cchla.ufpb.br\/gpsmdq\/"},{"@type":"ListItem","position":2,"name":"Extens\u00e3o em Atendimento Psicol\u00f3gico a Dependentes Qu\u00edmicos e Seus Familiares apresenta-se no 1\u00ba Semin\u00e1rio de Extens\u00e3o do CCHLA-UFPB"}]},{"@type":"WebSite","@id":"https:\/\/www.cchla.ufpb.br\/gpsmdq\/#website","url":"https:\/\/www.cchla.ufpb.br\/gpsmdq\/","name":"GRUPO DE PESQUISA EM SA\u00daDE MENTAL E DEPEND\u00caNCIA QU\u00cdMICA","description":"(GPSMDQ)","potentialAction":[{"@type":"SearchAction","target":{"@type":"EntryPoint","urlTemplate":"https:\/\/www.cchla.ufpb.br\/gpsmdq\/?s={search_term_string}"},"query-input":"required name=search_term_string"}],"inLanguage":"pt-BR"},{"@type":"Person","@id":"https:\/\/www.cchla.ufpb.br\/gpsmdq\/#\/schema\/person\/fd154ccaef860078e5295e30d890160a","name":"Silvana Maciel","image":{"@type":"ImageObject","inLanguage":"pt-BR","@id":"https:\/\/www.cchla.ufpb.br\/gpsmdq\/#\/schema\/person\/image\/","url":"https:\/\/secure.gravatar.com\/avatar\/76d6afc5865ce08c155e47c7de25d65c?s=96&d=mm&r=g","contentUrl":"https:\/\/secure.gravatar.com\/avatar\/76d6afc5865ce08c155e47c7de25d65c?s=96&d=mm&r=g","caption":"Silvana Maciel"},"url":"https:\/\/www.cchla.ufpb.br\/gpsmdq\/author\/silvana\/"}]}},"_links":{"self":[{"href":"https:\/\/www.cchla.ufpb.br\/gpsmdq\/wp-json\/wp\/v2\/posts\/246"}],"collection":[{"href":"https:\/\/www.cchla.ufpb.br\/gpsmdq\/wp-json\/wp\/v2\/posts"}],"about":[{"href":"https:\/\/www.cchla.ufpb.br\/gpsmdq\/wp-json\/wp\/v2\/types\/post"}],"author":[{"embeddable":true,"href":"https:\/\/www.cchla.ufpb.br\/gpsmdq\/wp-json\/wp\/v2\/users\/2"}],"replies":[{"embeddable":true,"href":"https:\/\/www.cchla.ufpb.br\/gpsmdq\/wp-json\/wp\/v2\/comments?post=246"}],"version-history":[{"count":20,"href":"https:\/\/www.cchla.ufpb.br\/gpsmdq\/wp-json\/wp\/v2\/posts\/246\/revisions"}],"predecessor-version":[{"id":282,"href":"https:\/\/www.cchla.ufpb.br\/gpsmdq\/wp-json\/wp\/v2\/posts\/246\/revisions\/282"}],"wp:attachment":[{"href":"https:\/\/www.cchla.ufpb.br\/gpsmdq\/wp-json\/wp\/v2\/media?parent=246"}],"wp:term":[{"taxonomy":"category","embeddable":true,"href":"https:\/\/www.cchla.ufpb.br\/gpsmdq\/wp-json\/wp\/v2\/categories?post=246"},{"taxonomy":"post_tag","embeddable":true,"href":"https:\/\/www.cchla.ufpb.br\/gpsmdq\/wp-json\/wp\/v2\/tags?post=246"}],"curies":[{"name":"wp","href":"https:\/\/api.w.org\/{rel}","templated":true}]}}