{"id":377,"date":"2018-09-29T10:40:28","date_gmt":"2018-09-29T13:40:28","guid":{"rendered":"http:\/\/www.cchla.ufpb.br\/gpsmdq\/?p=377"},"modified":"2018-09-29T10:43:08","modified_gmt":"2018-09-29T13:43:08","slug":"i-forum-sobre-saude-mental-estudantil-cchla","status":"publish","type":"post","link":"https:\/\/www.cchla.ufpb.br\/gpsmdq\/i-forum-sobre-saude-mental-estudantil-cchla\/","title":{"rendered":"I F\u00f3rum sobre Sa\u00fade Mental Estudantil, foi realizado no CCHLA na \u00faltima Quarta-Feira (26\/09\/2018)."},"content":{"rendered":"&nbsp;\r\n\r\n\r\n\r\nNa \u00faltima quarta-feira (26\/09\/2018) aconteceu o I F\u00f3rum Sobre Sa\u00fade Mental Estudantil, no CCHLA-UFPB, com o tema: \u201cFalar Para Cuidar: A Import\u00e2ncia do Debate Acerca da Sa\u00fade Mental no Contexto Acad\u00eamico\u201d, promovido pelo Grupo de Acolhimento Psicol\u00f3gico ao Estudante (GRAPE). O evento contou com a presen\u00e7a da Psic\u00f3loga Tha\u00eds Bezerra de Menezes, que trouxe uma palestra sobre o que \u00e9 a Sa\u00fade Mental relacionada \u00e0 universidade. A psic\u00f3loga promoveu tamb\u00e9m, uma oficina de <a href=\"https:\/\/www.cchla.ufpb.br\/gpsmdq\/i-forum-sobre-saude-mental-estudantil-cchla\/\" class=\"more-link\">Read more [...]<\/a>","protected":false},"excerpt":{"rendered":"<p>&nbsp; Na \u00faltima quarta-feira (26\/09\/2018) aconteceu o I F\u00f3rum Sobre Sa\u00fade Mental Estudantil, no CCHLA-UFPB, com o tema: \u201cFalar Para Cuidar: A Import\u00e2ncia do Debate Acerca da Sa\u00fade Mental no [&hellip;]<\/p>\n","protected":false},"author":2,"featured_media":0,"comment_status":"open","ping_status":"open","sticky":false,"template":"","format":"standard","meta":[],"categories":[1],"tags":[],"yoast_head":"<!-- This site is optimized with the Yoast SEO plugin v20.6 - https:\/\/yoast.com\/wordpress\/plugins\/seo\/ -->\n<title>I F\u00f3rum sobre Sa\u00fade Mental Estudantil, foi realizado no CCHLA na \u00faltima Quarta-Feira (26\/09\/2018). - GRUPO DE PESQUISA EM SA\u00daDE MENTAL E DEPEND\u00caNCIA QU\u00cdMICA<\/title>\n<meta name=\"robots\" content=\"index, follow, max-snippet:-1, max-image-preview:large, max-video-preview:-1\" \/>\n<link rel=\"canonical\" href=\"https:\/\/www.cchla.ufpb.br\/gpsmdq\/i-forum-sobre-saude-mental-estudantil-cchla\/\" \/>\n<meta property=\"og:locale\" content=\"pt_BR\" \/>\n<meta property=\"og:type\" content=\"article\" \/>\n<meta property=\"og:title\" content=\"I F\u00f3rum sobre Sa\u00fade Mental Estudantil, foi realizado no CCHLA na \u00faltima Quarta-Feira (26\/09\/2018). - GRUPO DE PESQUISA EM SA\u00daDE MENTAL E DEPEND\u00caNCIA QU\u00cdMICA\" \/>\n<meta property=\"og:description\" content=\"&nbsp; Na \u00faltima quarta-feira (26\/09\/2018) aconteceu o I F\u00f3rum Sobre Sa\u00fade Mental Estudantil, no CCHLA-UFPB, com o tema: \u201cFalar Para Cuidar: A Import\u00e2ncia do Debate Acerca da Sa\u00fade Mental no [&hellip;]\" \/>\n<meta property=\"og:url\" content=\"https:\/\/www.cchla.ufpb.br\/gpsmdq\/i-forum-sobre-saude-mental-estudantil-cchla\/\" \/>\n<meta property=\"og:site_name\" content=\"GRUPO DE PESQUISA EM SA\u00daDE MENTAL E DEPEND\u00caNCIA QU\u00cdMICA\" \/>\n<meta property=\"article:published_time\" content=\"2018-09-29T13:40:28+00:00\" \/>\n<meta property=\"article:modified_time\" content=\"2018-09-29T13:43:08+00:00\" \/>\n<meta property=\"og:image\" content=\"http:\/\/www.cchla.ufpb.br\/gpsmdq\/wp-content\/uploads\/2018\/09\/DSC0443.jpg\" \/>\n<meta name=\"author\" content=\"Silvana Maciel\" \/>\n<meta name=\"twitter:card\" content=\"summary_large_image\" \/>\n<meta name=\"twitter:label1\" content=\"Escrito por\" \/>\n\t<meta name=\"twitter:data1\" content=\"Silvana Maciel\" \/>\n\t<meta name=\"twitter:label2\" content=\"Est. tempo de leitura\" \/>\n\t<meta name=\"twitter:data2\" content=\"1 minuto\" \/>\n<script type=\"application\/ld+json\" class=\"yoast-schema-graph\">{\"@context\":\"https:\/\/schema.org\",\"@graph\":[{\"@type\":\"WebPage\",\"@id\":\"https:\/\/www.cchla.ufpb.br\/gpsmdq\/i-forum-sobre-saude-mental-estudantil-cchla\/\",\"url\":\"https:\/\/www.cchla.ufpb.br\/gpsmdq\/i-forum-sobre-saude-mental-estudantil-cchla\/\",\"name\":\"I F\u00f3rum sobre Sa\u00fade Mental Estudantil, foi realizado no CCHLA na \u00faltima Quarta-Feira (26\/09\/2018). - GRUPO DE PESQUISA EM SA\u00daDE MENTAL E DEPEND\u00caNCIA QU\u00cdMICA\",\"isPartOf\":{\"@id\":\"https:\/\/www.cchla.ufpb.br\/gpsmdq\/#website\"},\"datePublished\":\"2018-09-29T13:40:28+00:00\",\"dateModified\":\"2018-09-29T13:43:08+00:00\",\"author\":{\"@id\":\"https:\/\/www.cchla.ufpb.br\/gpsmdq\/#\/schema\/person\/fd154ccaef860078e5295e30d890160a\"},\"breadcrumb\":{\"@id\":\"https:\/\/www.cchla.ufpb.br\/gpsmdq\/i-forum-sobre-saude-mental-estudantil-cchla\/#breadcrumb\"},\"inLanguage\":\"pt-BR\",\"potentialAction\":[{\"@type\":\"ReadAction\",\"target\":[\"https:\/\/www.cchla.ufpb.br\/gpsmdq\/i-forum-sobre-saude-mental-estudantil-cchla\/\"]}]},{\"@type\":\"BreadcrumbList\",\"@id\":\"https:\/\/www.cchla.ufpb.br\/gpsmdq\/i-forum-sobre-saude-mental-estudantil-cchla\/#breadcrumb\",\"itemListElement\":[{\"@type\":\"ListItem\",\"position\":1,\"name\":\"In\u00edcio\",\"item\":\"https:\/\/www.cchla.ufpb.br\/gpsmdq\/\"},{\"@type\":\"ListItem\",\"position\":2,\"name\":\"I F\u00f3rum sobre Sa\u00fade Mental Estudantil, foi realizado no CCHLA na \u00faltima Quarta-Feira (26\/09\/2018).\"}]},{\"@type\":\"WebSite\",\"@id\":\"https:\/\/www.cchla.ufpb.br\/gpsmdq\/#website\",\"url\":\"https:\/\/www.cchla.ufpb.br\/gpsmdq\/\",\"name\":\"GRUPO DE PESQUISA EM SA\u00daDE MENTAL E DEPEND\u00caNCIA QU\u00cdMICA\",\"description\":\"(GPSMDQ)\",\"potentialAction\":[{\"@type\":\"SearchAction\",\"target\":{\"@type\":\"EntryPoint\",\"urlTemplate\":\"https:\/\/www.cchla.ufpb.br\/gpsmdq\/?s={search_term_string}\"},\"query-input\":\"required name=search_term_string\"}],\"inLanguage\":\"pt-BR\"},{\"@type\":\"Person\",\"@id\":\"https:\/\/www.cchla.ufpb.br\/gpsmdq\/#\/schema\/person\/fd154ccaef860078e5295e30d890160a\",\"name\":\"Silvana Maciel\",\"image\":{\"@type\":\"ImageObject\",\"inLanguage\":\"pt-BR\",\"@id\":\"https:\/\/www.cchla.ufpb.br\/gpsmdq\/#\/schema\/person\/image\/\",\"url\":\"https:\/\/secure.gravatar.com\/avatar\/76d6afc5865ce08c155e47c7de25d65c?s=96&d=mm&r=g\",\"contentUrl\":\"https:\/\/secure.gravatar.com\/avatar\/76d6afc5865ce08c155e47c7de25d65c?s=96&d=mm&r=g\",\"caption\":\"Silvana Maciel\"},\"url\":\"https:\/\/www.cchla.ufpb.br\/gpsmdq\/author\/silvana\/\"}]}<\/script>\n<!-- \/ Yoast SEO plugin. -->","yoast_head_json":{"title":"I F\u00f3rum sobre Sa\u00fade Mental Estudantil, foi realizado no CCHLA na \u00faltima Quarta-Feira (26\/09\/2018). - GRUPO DE PESQUISA EM SA\u00daDE MENTAL E DEPEND\u00caNCIA QU\u00cdMICA","robots":{"index":"index","follow":"follow","max-snippet":"max-snippet:-1","max-image-preview":"max-image-preview:large","max-video-preview":"max-video-preview:-1"},"canonical":"https:\/\/www.cchla.ufpb.br\/gpsmdq\/i-forum-sobre-saude-mental-estudantil-cchla\/","og_locale":"pt_BR","og_type":"article","og_title":"I F\u00f3rum sobre Sa\u00fade Mental Estudantil, foi realizado no CCHLA na \u00faltima Quarta-Feira (26\/09\/2018). - GRUPO DE PESQUISA EM SA\u00daDE MENTAL E DEPEND\u00caNCIA QU\u00cdMICA","og_description":"&nbsp; Na \u00faltima quarta-feira (26\/09\/2018) aconteceu o I F\u00f3rum Sobre Sa\u00fade Mental Estudantil, no CCHLA-UFPB, com o tema: \u201cFalar Para Cuidar: A Import\u00e2ncia do Debate Acerca da Sa\u00fade Mental no [&hellip;]","og_url":"https:\/\/www.cchla.ufpb.br\/gpsmdq\/i-forum-sobre-saude-mental-estudantil-cchla\/","og_site_name":"GRUPO DE PESQUISA EM SA\u00daDE MENTAL E DEPEND\u00caNCIA QU\u00cdMICA","article_published_time":"2018-09-29T13:40:28+00:00","article_modified_time":"2018-09-29T13:43:08+00:00","og_image":[{"url":"http:\/\/www.cchla.ufpb.br\/gpsmdq\/wp-content\/uploads\/2018\/09\/DSC0443.jpg"}],"author":"Silvana Maciel","twitter_card":"summary_large_image","twitter_misc":{"Escrito por":"Silvana Maciel","Est. tempo de leitura":"1 minuto"},"schema":{"@context":"https:\/\/schema.org","@graph":[{"@type":"WebPage","@id":"https:\/\/www.cchla.ufpb.br\/gpsmdq\/i-forum-sobre-saude-mental-estudantil-cchla\/","url":"https:\/\/www.cchla.ufpb.br\/gpsmdq\/i-forum-sobre-saude-mental-estudantil-cchla\/","name":"I F\u00f3rum sobre Sa\u00fade Mental Estudantil, foi realizado no CCHLA na \u00faltima Quarta-Feira (26\/09\/2018). - GRUPO DE PESQUISA EM SA\u00daDE MENTAL E DEPEND\u00caNCIA QU\u00cdMICA","isPartOf":{"@id":"https:\/\/www.cchla.ufpb.br\/gpsmdq\/#website"},"datePublished":"2018-09-29T13:40:28+00:00","dateModified":"2018-09-29T13:43:08+00:00","author":{"@id":"https:\/\/www.cchla.ufpb.br\/gpsmdq\/#\/schema\/person\/fd154ccaef860078e5295e30d890160a"},"breadcrumb":{"@id":"https:\/\/www.cchla.ufpb.br\/gpsmdq\/i-forum-sobre-saude-mental-estudantil-cchla\/#breadcrumb"},"inLanguage":"pt-BR","potentialAction":[{"@type":"ReadAction","target":["https:\/\/www.cchla.ufpb.br\/gpsmdq\/i-forum-sobre-saude-mental-estudantil-cchla\/"]}]},{"@type":"BreadcrumbList","@id":"https:\/\/www.cchla.ufpb.br\/gpsmdq\/i-forum-sobre-saude-mental-estudantil-cchla\/#breadcrumb","itemListElement":[{"@type":"ListItem","position":1,"name":"In\u00edcio","item":"https:\/\/www.cchla.ufpb.br\/gpsmdq\/"},{"@type":"ListItem","position":2,"name":"I F\u00f3rum sobre Sa\u00fade Mental Estudantil, foi realizado no CCHLA na \u00faltima Quarta-Feira (26\/09\/2018)."}]},{"@type":"WebSite","@id":"https:\/\/www.cchla.ufpb.br\/gpsmdq\/#website","url":"https:\/\/www.cchla.ufpb.br\/gpsmdq\/","name":"GRUPO DE PESQUISA EM SA\u00daDE MENTAL E DEPEND\u00caNCIA QU\u00cdMICA","description":"(GPSMDQ)","potentialAction":[{"@type":"SearchAction","target":{"@type":"EntryPoint","urlTemplate":"https:\/\/www.cchla.ufpb.br\/gpsmdq\/?s={search_term_string}"},"query-input":"required name=search_term_string"}],"inLanguage":"pt-BR"},{"@type":"Person","@id":"https:\/\/www.cchla.ufpb.br\/gpsmdq\/#\/schema\/person\/fd154ccaef860078e5295e30d890160a","name":"Silvana Maciel","image":{"@type":"ImageObject","inLanguage":"pt-BR","@id":"https:\/\/www.cchla.ufpb.br\/gpsmdq\/#\/schema\/person\/image\/","url":"https:\/\/secure.gravatar.com\/avatar\/76d6afc5865ce08c155e47c7de25d65c?s=96&d=mm&r=g","contentUrl":"https:\/\/secure.gravatar.com\/avatar\/76d6afc5865ce08c155e47c7de25d65c?s=96&d=mm&r=g","caption":"Silvana Maciel"},"url":"https:\/\/www.cchla.ufpb.br\/gpsmdq\/author\/silvana\/"}]}},"_links":{"self":[{"href":"https:\/\/www.cchla.ufpb.br\/gpsmdq\/wp-json\/wp\/v2\/posts\/377"}],"collection":[{"href":"https:\/\/www.cchla.ufpb.br\/gpsmdq\/wp-json\/wp\/v2\/posts"}],"about":[{"href":"https:\/\/www.cchla.ufpb.br\/gpsmdq\/wp-json\/wp\/v2\/types\/post"}],"author":[{"embeddable":true,"href":"https:\/\/www.cchla.ufpb.br\/gpsmdq\/wp-json\/wp\/v2\/users\/2"}],"replies":[{"embeddable":true,"href":"https:\/\/www.cchla.ufpb.br\/gpsmdq\/wp-json\/wp\/v2\/comments?post=377"}],"version-history":[{"count":5,"href":"https:\/\/www.cchla.ufpb.br\/gpsmdq\/wp-json\/wp\/v2\/posts\/377\/revisions"}],"predecessor-version":[{"id":382,"href":"https:\/\/www.cchla.ufpb.br\/gpsmdq\/wp-json\/wp\/v2\/posts\/377\/revisions\/382"}],"wp:attachment":[{"href":"https:\/\/www.cchla.ufpb.br\/gpsmdq\/wp-json\/wp\/v2\/media?parent=377"}],"wp:term":[{"taxonomy":"category","embeddable":true,"href":"https:\/\/www.cchla.ufpb.br\/gpsmdq\/wp-json\/wp\/v2\/categories?post=377"},{"taxonomy":"post_tag","embeddable":true,"href":"https:\/\/www.cchla.ufpb.br\/gpsmdq\/wp-json\/wp\/v2\/tags?post=377"}],"curies":[{"name":"wp","href":"https:\/\/api.w.org\/{rel}","templated":true}]}}