{"id":401,"date":"2018-12-17T17:16:50","date_gmt":"2018-12-17T20:16:50","guid":{"rendered":"http:\/\/www.cchla.ufpb.br\/gpsmdq\/?p=401"},"modified":"2018-12-17T17:25:41","modified_gmt":"2018-12-17T20:25:41","slug":"lancamento-do-livro-sobre-o-suicidio-psicoterapia-diante-da-autodestruicao","status":"publish","type":"post","link":"https:\/\/www.cchla.ufpb.br\/gpsmdq\/lancamento-do-livro-sobre-o-suicidio-psicoterapia-diante-da-autodestruicao\/","title":{"rendered":"Lan\u00e7amento do livro &#8220;Sobre o Suic\u00eddio: A Psicoterapia Diante da Autodestrui\u00e7\u00e3o&#8221;"},"content":{"rendered":"No dia 17 de Outubro, ocorreu o lan\u00e7amento do livro \"Sobre o Suic\u00eddio: A Psicoterapia Diante da Autodestrui\u00e7\u00e3o\", organizado por Valdemar Augusto Angerami.\r\n\r\n\r\n\r\nO evento contou com uma mesa redonda, com a participa\u00e7\u00e3o da Profa. Dra. Maria Aparecida Penso, trazendo como fala \"O paradoxo do uso de drogas: A busca do prazer ou encontro com o sofrimento\"; As Profas. Dras. Silvana Carneiro Maciel e Cleide Pereira Monteiro, pronunciaram sobre \"Drogadi\u00e7\u00e3o e autodestrui\u00e7\u00e3o: desafios de uma cl\u00ednica <a href=\"https:\/\/www.cchla.ufpb.br\/gpsmdq\/lancamento-do-livro-sobre-o-suicidio-psicoterapia-diante-da-autodestruicao\/\" class=\"more-link\">Read more [...]<\/a>","protected":false},"excerpt":{"rendered":"<p>No dia 17 de Outubro, ocorreu o lan\u00e7amento do livro &#8220;Sobre o Suic\u00eddio: A Psicoterapia Diante da Autodestrui\u00e7\u00e3o&#8221;, organizado por Valdemar Augusto Angerami. O evento contou com uma mesa redonda, [&hellip;]<\/p>\n","protected":false},"author":2,"featured_media":0,"comment_status":"open","ping_status":"open","sticky":false,"template":"","format":"standard","meta":[],"categories":[1],"tags":[],"yoast_head":"<!-- This site is optimized with the Yoast SEO plugin v20.6 - https:\/\/yoast.com\/wordpress\/plugins\/seo\/ -->\n<title>Lan\u00e7amento do livro &quot;Sobre o Suic\u00eddio: A Psicoterapia Diante da Autodestrui\u00e7\u00e3o&quot; - GRUPO DE PESQUISA EM SA\u00daDE MENTAL E DEPEND\u00caNCIA QU\u00cdMICA<\/title>\n<meta name=\"robots\" content=\"index, follow, max-snippet:-1, max-image-preview:large, max-video-preview:-1\" \/>\n<link rel=\"canonical\" href=\"https:\/\/www.cchla.ufpb.br\/gpsmdq\/lancamento-do-livro-sobre-o-suicidio-psicoterapia-diante-da-autodestruicao\/\" \/>\n<meta property=\"og:locale\" content=\"pt_BR\" \/>\n<meta property=\"og:type\" content=\"article\" \/>\n<meta property=\"og:title\" content=\"Lan\u00e7amento do livro &quot;Sobre o Suic\u00eddio: A Psicoterapia Diante da Autodestrui\u00e7\u00e3o&quot; - GRUPO DE PESQUISA EM SA\u00daDE MENTAL E DEPEND\u00caNCIA QU\u00cdMICA\" \/>\n<meta property=\"og:description\" content=\"No dia 17 de Outubro, ocorreu o lan\u00e7amento do livro &quot;Sobre o Suic\u00eddio: A Psicoterapia Diante da Autodestrui\u00e7\u00e3o&quot;, organizado por Valdemar Augusto Angerami. O evento contou com uma mesa redonda, [&hellip;]\" \/>\n<meta property=\"og:url\" content=\"https:\/\/www.cchla.ufpb.br\/gpsmdq\/lancamento-do-livro-sobre-o-suicidio-psicoterapia-diante-da-autodestruicao\/\" \/>\n<meta property=\"og:site_name\" content=\"GRUPO DE PESQUISA EM SA\u00daDE MENTAL E DEPEND\u00caNCIA QU\u00cdMICA\" \/>\n<meta property=\"article:published_time\" content=\"2018-12-17T20:16:50+00:00\" \/>\n<meta property=\"article:modified_time\" content=\"2018-12-17T20:25:41+00:00\" \/>\n<meta property=\"og:image\" content=\"http:\/\/www.cchla.ufpb.br\/gpsmdq\/wp-content\/uploads\/2018\/12\/DSC6069-1024x681.jpg\" \/>\n<meta name=\"author\" content=\"Silvana Maciel\" \/>\n<meta name=\"twitter:card\" content=\"summary_large_image\" \/>\n<meta name=\"twitter:label1\" content=\"Escrito por\" \/>\n\t<meta name=\"twitter:data1\" content=\"Silvana Maciel\" \/>\n\t<meta name=\"twitter:label2\" content=\"Est. tempo de leitura\" \/>\n\t<meta name=\"twitter:data2\" content=\"1 minuto\" \/>\n<script type=\"application\/ld+json\" class=\"yoast-schema-graph\">{\"@context\":\"https:\/\/schema.org\",\"@graph\":[{\"@type\":\"WebPage\",\"@id\":\"https:\/\/www.cchla.ufpb.br\/gpsmdq\/lancamento-do-livro-sobre-o-suicidio-psicoterapia-diante-da-autodestruicao\/\",\"url\":\"https:\/\/www.cchla.ufpb.br\/gpsmdq\/lancamento-do-livro-sobre-o-suicidio-psicoterapia-diante-da-autodestruicao\/\",\"name\":\"Lan\u00e7amento do livro \\\"Sobre o Suic\u00eddio: A Psicoterapia Diante da Autodestrui\u00e7\u00e3o\\\" - GRUPO DE PESQUISA EM SA\u00daDE MENTAL E DEPEND\u00caNCIA QU\u00cdMICA\",\"isPartOf\":{\"@id\":\"https:\/\/www.cchla.ufpb.br\/gpsmdq\/#website\"},\"datePublished\":\"2018-12-17T20:16:50+00:00\",\"dateModified\":\"2018-12-17T20:25:41+00:00\",\"author\":{\"@id\":\"https:\/\/www.cchla.ufpb.br\/gpsmdq\/#\/schema\/person\/fd154ccaef860078e5295e30d890160a\"},\"breadcrumb\":{\"@id\":\"https:\/\/www.cchla.ufpb.br\/gpsmdq\/lancamento-do-livro-sobre-o-suicidio-psicoterapia-diante-da-autodestruicao\/#breadcrumb\"},\"inLanguage\":\"pt-BR\",\"potentialAction\":[{\"@type\":\"ReadAction\",\"target\":[\"https:\/\/www.cchla.ufpb.br\/gpsmdq\/lancamento-do-livro-sobre-o-suicidio-psicoterapia-diante-da-autodestruicao\/\"]}]},{\"@type\":\"BreadcrumbList\",\"@id\":\"https:\/\/www.cchla.ufpb.br\/gpsmdq\/lancamento-do-livro-sobre-o-suicidio-psicoterapia-diante-da-autodestruicao\/#breadcrumb\",\"itemListElement\":[{\"@type\":\"ListItem\",\"position\":1,\"name\":\"In\u00edcio\",\"item\":\"https:\/\/www.cchla.ufpb.br\/gpsmdq\/\"},{\"@type\":\"ListItem\",\"position\":2,\"name\":\"Lan\u00e7amento do livro &#8220;Sobre o Suic\u00eddio: A Psicoterapia Diante da Autodestrui\u00e7\u00e3o&#8221;\"}]},{\"@type\":\"WebSite\",\"@id\":\"https:\/\/www.cchla.ufpb.br\/gpsmdq\/#website\",\"url\":\"https:\/\/www.cchla.ufpb.br\/gpsmdq\/\",\"name\":\"GRUPO DE PESQUISA EM SA\u00daDE MENTAL E DEPEND\u00caNCIA QU\u00cdMICA\",\"description\":\"(GPSMDQ)\",\"potentialAction\":[{\"@type\":\"SearchAction\",\"target\":{\"@type\":\"EntryPoint\",\"urlTemplate\":\"https:\/\/www.cchla.ufpb.br\/gpsmdq\/?s={search_term_string}\"},\"query-input\":\"required name=search_term_string\"}],\"inLanguage\":\"pt-BR\"},{\"@type\":\"Person\",\"@id\":\"https:\/\/www.cchla.ufpb.br\/gpsmdq\/#\/schema\/person\/fd154ccaef860078e5295e30d890160a\",\"name\":\"Silvana Maciel\",\"image\":{\"@type\":\"ImageObject\",\"inLanguage\":\"pt-BR\",\"@id\":\"https:\/\/www.cchla.ufpb.br\/gpsmdq\/#\/schema\/person\/image\/\",\"url\":\"https:\/\/secure.gravatar.com\/avatar\/76d6afc5865ce08c155e47c7de25d65c?s=96&d=mm&r=g\",\"contentUrl\":\"https:\/\/secure.gravatar.com\/avatar\/76d6afc5865ce08c155e47c7de25d65c?s=96&d=mm&r=g\",\"caption\":\"Silvana Maciel\"},\"url\":\"https:\/\/www.cchla.ufpb.br\/gpsmdq\/author\/silvana\/\"}]}<\/script>\n<!-- \/ Yoast SEO plugin. -->","yoast_head_json":{"title":"Lan\u00e7amento do livro \"Sobre o Suic\u00eddio: A Psicoterapia Diante da Autodestrui\u00e7\u00e3o\" - GRUPO DE PESQUISA EM SA\u00daDE MENTAL E DEPEND\u00caNCIA QU\u00cdMICA","robots":{"index":"index","follow":"follow","max-snippet":"max-snippet:-1","max-image-preview":"max-image-preview:large","max-video-preview":"max-video-preview:-1"},"canonical":"https:\/\/www.cchla.ufpb.br\/gpsmdq\/lancamento-do-livro-sobre-o-suicidio-psicoterapia-diante-da-autodestruicao\/","og_locale":"pt_BR","og_type":"article","og_title":"Lan\u00e7amento do livro \"Sobre o Suic\u00eddio: A Psicoterapia Diante da Autodestrui\u00e7\u00e3o\" - GRUPO DE PESQUISA EM SA\u00daDE MENTAL E DEPEND\u00caNCIA QU\u00cdMICA","og_description":"No dia 17 de Outubro, ocorreu o lan\u00e7amento do livro \"Sobre o Suic\u00eddio: A Psicoterapia Diante da Autodestrui\u00e7\u00e3o\", organizado por Valdemar Augusto Angerami. O evento contou com uma mesa redonda, [&hellip;]","og_url":"https:\/\/www.cchla.ufpb.br\/gpsmdq\/lancamento-do-livro-sobre-o-suicidio-psicoterapia-diante-da-autodestruicao\/","og_site_name":"GRUPO DE PESQUISA EM SA\u00daDE MENTAL E DEPEND\u00caNCIA QU\u00cdMICA","article_published_time":"2018-12-17T20:16:50+00:00","article_modified_time":"2018-12-17T20:25:41+00:00","og_image":[{"url":"http:\/\/www.cchla.ufpb.br\/gpsmdq\/wp-content\/uploads\/2018\/12\/DSC6069-1024x681.jpg"}],"author":"Silvana Maciel","twitter_card":"summary_large_image","twitter_misc":{"Escrito por":"Silvana Maciel","Est. tempo de leitura":"1 minuto"},"schema":{"@context":"https:\/\/schema.org","@graph":[{"@type":"WebPage","@id":"https:\/\/www.cchla.ufpb.br\/gpsmdq\/lancamento-do-livro-sobre-o-suicidio-psicoterapia-diante-da-autodestruicao\/","url":"https:\/\/www.cchla.ufpb.br\/gpsmdq\/lancamento-do-livro-sobre-o-suicidio-psicoterapia-diante-da-autodestruicao\/","name":"Lan\u00e7amento do livro \"Sobre o Suic\u00eddio: A Psicoterapia Diante da Autodestrui\u00e7\u00e3o\" - GRUPO DE PESQUISA EM SA\u00daDE MENTAL E DEPEND\u00caNCIA QU\u00cdMICA","isPartOf":{"@id":"https:\/\/www.cchla.ufpb.br\/gpsmdq\/#website"},"datePublished":"2018-12-17T20:16:50+00:00","dateModified":"2018-12-17T20:25:41+00:00","author":{"@id":"https:\/\/www.cchla.ufpb.br\/gpsmdq\/#\/schema\/person\/fd154ccaef860078e5295e30d890160a"},"breadcrumb":{"@id":"https:\/\/www.cchla.ufpb.br\/gpsmdq\/lancamento-do-livro-sobre-o-suicidio-psicoterapia-diante-da-autodestruicao\/#breadcrumb"},"inLanguage":"pt-BR","potentialAction":[{"@type":"ReadAction","target":["https:\/\/www.cchla.ufpb.br\/gpsmdq\/lancamento-do-livro-sobre-o-suicidio-psicoterapia-diante-da-autodestruicao\/"]}]},{"@type":"BreadcrumbList","@id":"https:\/\/www.cchla.ufpb.br\/gpsmdq\/lancamento-do-livro-sobre-o-suicidio-psicoterapia-diante-da-autodestruicao\/#breadcrumb","itemListElement":[{"@type":"ListItem","position":1,"name":"In\u00edcio","item":"https:\/\/www.cchla.ufpb.br\/gpsmdq\/"},{"@type":"ListItem","position":2,"name":"Lan\u00e7amento do livro &#8220;Sobre o Suic\u00eddio: A Psicoterapia Diante da Autodestrui\u00e7\u00e3o&#8221;"}]},{"@type":"WebSite","@id":"https:\/\/www.cchla.ufpb.br\/gpsmdq\/#website","url":"https:\/\/www.cchla.ufpb.br\/gpsmdq\/","name":"GRUPO DE PESQUISA EM SA\u00daDE MENTAL E DEPEND\u00caNCIA QU\u00cdMICA","description":"(GPSMDQ)","potentialAction":[{"@type":"SearchAction","target":{"@type":"EntryPoint","urlTemplate":"https:\/\/www.cchla.ufpb.br\/gpsmdq\/?s={search_term_string}"},"query-input":"required name=search_term_string"}],"inLanguage":"pt-BR"},{"@type":"Person","@id":"https:\/\/www.cchla.ufpb.br\/gpsmdq\/#\/schema\/person\/fd154ccaef860078e5295e30d890160a","name":"Silvana Maciel","image":{"@type":"ImageObject","inLanguage":"pt-BR","@id":"https:\/\/www.cchla.ufpb.br\/gpsmdq\/#\/schema\/person\/image\/","url":"https:\/\/secure.gravatar.com\/avatar\/76d6afc5865ce08c155e47c7de25d65c?s=96&d=mm&r=g","contentUrl":"https:\/\/secure.gravatar.com\/avatar\/76d6afc5865ce08c155e47c7de25d65c?s=96&d=mm&r=g","caption":"Silvana Maciel"},"url":"https:\/\/www.cchla.ufpb.br\/gpsmdq\/author\/silvana\/"}]}},"_links":{"self":[{"href":"https:\/\/www.cchla.ufpb.br\/gpsmdq\/wp-json\/wp\/v2\/posts\/401"}],"collection":[{"href":"https:\/\/www.cchla.ufpb.br\/gpsmdq\/wp-json\/wp\/v2\/posts"}],"about":[{"href":"https:\/\/www.cchla.ufpb.br\/gpsmdq\/wp-json\/wp\/v2\/types\/post"}],"author":[{"embeddable":true,"href":"https:\/\/www.cchla.ufpb.br\/gpsmdq\/wp-json\/wp\/v2\/users\/2"}],"replies":[{"embeddable":true,"href":"https:\/\/www.cchla.ufpb.br\/gpsmdq\/wp-json\/wp\/v2\/comments?post=401"}],"version-history":[{"count":2,"href":"https:\/\/www.cchla.ufpb.br\/gpsmdq\/wp-json\/wp\/v2\/posts\/401\/revisions"}],"predecessor-version":[{"id":403,"href":"https:\/\/www.cchla.ufpb.br\/gpsmdq\/wp-json\/wp\/v2\/posts\/401\/revisions\/403"}],"wp:attachment":[{"href":"https:\/\/www.cchla.ufpb.br\/gpsmdq\/wp-json\/wp\/v2\/media?parent=401"}],"wp:term":[{"taxonomy":"category","embeddable":true,"href":"https:\/\/www.cchla.ufpb.br\/gpsmdq\/wp-json\/wp\/v2\/categories?post=401"},{"taxonomy":"post_tag","embeddable":true,"href":"https:\/\/www.cchla.ufpb.br\/gpsmdq\/wp-json\/wp\/v2\/tags?post=401"}],"curies":[{"name":"wp","href":"https:\/\/api.w.org\/{rel}","templated":true}]}}