{"id":1015,"date":"2026-03-17T19:01:26","date_gmt":"2026-03-17T19:01:26","guid":{"rendered":"https:\/\/www.cchla.ufpb.br\/inelc\/?p=1015"},"modified":"2026-03-17T19:01:26","modified_gmt":"2026-03-17T19:01:26","slug":"inelc-anuncia-as-inscricoes-para-cursos-pagos-de-mandarim-kids-no-semestre-2026-1","status":"publish","type":"post","link":"https:\/\/www.cchla.ufpb.br\/inelc\/noticia\/inelc-anuncia-as-inscricoes-para-cursos-pagos-de-mandarim-kids-no-semestre-2026-1\/","title":{"rendered":"InELC anuncia as inscri\u00e7\u00f5es para cursos pagos de Mandarim KIDS no semestre 2026.1"},"content":{"rendered":"\n<p>O Instituto de Estudos Lingu\u00edsticos e Culturais da UFPB (InELC) abrir\u00e1, entre os dias <strong>23 e 25 de mar\u00e7o de 2026<\/strong>, o per\u00edodo de matr\u00edculas para os <strong>cursos pagos de Mandarim KIDS<\/strong>, voltados para crian\u00e7as de <strong>7 a 13 anos<\/strong>, no semestre <strong>2026.1<\/strong>.<\/p>\n\n\n\n<p>As aulas ser\u00e3o realizadas <strong>presencialmente no Centro de Ci\u00eancias Humanas, Letras e Artes (CCHLA)<\/strong>, sempre <strong>aos s\u00e1bados<\/strong>, com encontros de <strong>duas horas<\/strong>, totalizando uma <strong>carga hor\u00e1ria de 20 horas<\/strong>.<\/p>\n\n\n\n<h2 class=\"wp-block-heading\"><div class=\"linha-header\">Turmas ofertadas<\/div><\/h2>\n\n\n\n<p>Ser\u00e3o disponibilizadas duas turmas:<\/p>\n\n\n\n<ul class=\"wp-block-list\">\n<li>Mandarim Kids (07 a 09 anos)<\/li>\n\n\n\n<li>Mandarim Kids (10 a 13 anos)<\/li>\n<\/ul>\n\n\n\n<p>Cada turma contar\u00e1 com <strong>20 vagas<\/strong>, que ser\u00e3o preenchidas conforme a demanda durante o per\u00edodo de matr\u00edculas.<\/p>\n\n\n\n<h2 class=\"wp-block-heading\"><div class=\"linha-header\">Matr\u00edculas e in\u00edcio das aulas<\/div><\/h2>\n\n\n\n<p>As matr\u00edculas dever\u00e3o ser realizadas <strong>de 23 a 25 de mar\u00e7o de 2026<\/strong>. Para efetivar a inscri\u00e7\u00e3o, os respons\u00e1veis devem acessar o <strong>site oficial do InELC<\/strong> e consultar a aba <strong>\u201c<a href=\"https:\/\/www.cchla.ufpb.br\/inelc\/matriculas\/\">MATR\u00cdCULAS<\/a>\u201d<\/strong>, onde est\u00e3o dispon\u00edveis todas as orienta\u00e7\u00f5es sobre os <strong>procedimentos de inscri\u00e7\u00e3o por meio do SIGAA P\u00fablico<\/strong>.<\/p>\n\n\n\n<p>Os <strong>dias e hor\u00e1rios das turmas<\/strong> podem ser consultados na aba <strong>\u201c<a href=\"https:\/\/www.cchla.ufpb.br\/inelc\/cursos\/\">CURSOS<\/a>\u201d<\/strong> no site do Instituto.<\/p>\n\n\n\n<p>O in\u00edcio das aulas est\u00e1 previsto para o dia <strong>28 de mar\u00e7o de 2026<\/strong>.<\/p>\n\n\n\n<h2 class=\"wp-block-heading\"><div class=\"linha-header\">Investimento<\/div><\/h2>\n\n\n\n<p>O curso possui taxa \u00fanica no valor de <strong>R$ 110,00<\/strong>.<\/p>\n\n\n\n<h2 class=\"wp-block-heading\"><div class=\"linha-header\">Informa\u00e7\u00f5es importantes<\/div><\/h2>\n\n\n\n<ul class=\"wp-block-list\">\n<li>As vagas s\u00e3o <strong>limitadas a 20 estudantes por turma<\/strong>.<\/li>\n\n\n\n<li>As aulas ocorrer\u00e3o <strong>exclusivamente de forma presencial<\/strong>, no CCHLA.<\/li>\n<\/ul>\n\n\n\n<p>A oferta dos cursos de Mandarim KIDS refor\u00e7a o compromisso do InELC com a <strong>forma\u00e7\u00e3o lingu\u00edstica desde a inf\u00e2ncia<\/strong>, promovendo o contato precoce com novas l\u00ednguas e culturas em um ambiente de aprendizagem acess\u00edvel e qualificado.<\/p>\n\n\n\n<hr class=\"wp-block-separator has-alpha-channel-opacity\" \/>\n\n\n\n<h2 class=\"wp-block-heading\"><div class=\"linha-header\">Servi\u00e7o<\/div><\/h2>\n\n\n\n<p>\ud83d\udcda <strong>Cursos:<\/strong> Mandarim KIDS (07 a 09 anos | 10 a 13 anos)<br>\ud83d\udccd <strong>Modalidade:<\/strong> Presencial (CCHLA \u2013 UFPB)<br>\ud83d\udcc5 <strong>Matr\u00edculas:<\/strong> 23 a 25 de mar\u00e7o de 2026<br>\ud83d\ude80 <strong>In\u00edcio das aulas:<\/strong> 28 de mar\u00e7o de 2026<br>\ud83d\udcb0 <strong>Valor:<\/strong> R$ 110,00<br>\ud83d\udc65 <strong>Vagas:<\/strong> 20 por turma<\/p>\n\n\n\n<p>\ud83d\udd0e <strong>Hor\u00e1rios:<\/strong> aba \u201cCURSOS\u201d no site do InELC<br>\ud83d\udcdd <strong>Inscri\u00e7\u00e3o:<\/strong> aba \u201cMATR\u00cdCULAS\u201d (SIGAA P\u00fablico)<\/p>\n\n\n\n<p><\/p>\n","protected":false},"excerpt":{"rendered":"<p>Cursos presenciais s\u00e3o destinados a crian\u00e7as de 7 a 13 anos e acontecer\u00e3o aos s\u00e1bados no CCHLA<\/p>\n","protected":false},"author":265,"featured_media":1016,"comment_status":"open","ping_status":"open","sticky":false,"template":"","format":"standard","meta":{"footnotes":""},"categories":[1],"tags":[],"class_list":["post-1015","post","type-post","status-publish","format-standard","has-post-thumbnail","hentry","category-noticia"],"_links":{"self":[{"href":"https:\/\/www.cchla.ufpb.br\/inelc\/wp-json\/wp\/v2\/posts\/1015","targetHints":{"allow":["GET"]}}],"collection":[{"href":"https:\/\/www.cchla.ufpb.br\/inelc\/wp-json\/wp\/v2\/posts"}],"about":[{"href":"https:\/\/www.cchla.ufpb.br\/inelc\/wp-json\/wp\/v2\/types\/post"}],"author":[{"embeddable":true,"href":"https:\/\/www.cchla.ufpb.br\/inelc\/wp-json\/wp\/v2\/users\/265"}],"replies":[{"embeddable":true,"href":"https:\/\/www.cchla.ufpb.br\/inelc\/wp-json\/wp\/v2\/comments?post=1015"}],"version-history":[{"count":3,"href":"https:\/\/www.cchla.ufpb.br\/inelc\/wp-json\/wp\/v2\/posts\/1015\/revisions"}],"predecessor-version":[{"id":1019,"href":"https:\/\/www.cchla.ufpb.br\/inelc\/wp-json\/wp\/v2\/posts\/1015\/revisions\/1019"}],"wp:featuredmedia":[{"embeddable":true,"href":"https:\/\/www.cchla.ufpb.br\/inelc\/wp-json\/wp\/v2\/media\/1016"}],"wp:attachment":[{"href":"https:\/\/www.cchla.ufpb.br\/inelc\/wp-json\/wp\/v2\/media?parent=1015"}],"wp:term":[{"taxonomy":"category","embeddable":true,"href":"https:\/\/www.cchla.ufpb.br\/inelc\/wp-json\/wp\/v2\/categories?post=1015"},{"taxonomy":"post_tag","embeddable":true,"href":"https:\/\/www.cchla.ufpb.br\/inelc\/wp-json\/wp\/v2\/tags?post=1015"}],"curies":[{"name":"wp","href":"https:\/\/api.w.org\/{rel}","templated":true}]}}