{"id":243,"date":"2025-04-29T14:20:00","date_gmt":"2025-04-29T14:20:00","guid":{"rendered":"https:\/\/www.cchla.ufpb.br\/inelc2\/?p=243"},"modified":"2025-05-23T18:27:37","modified_gmt":"2025-05-23T18:27:37","slug":"bolsista-para-o-projeto-de-literatura-espanhola","status":"publish","type":"post","link":"https:\/\/www.cchla.ufpb.br\/inelc\/noticia\/bolsista-para-o-projeto-de-literatura-espanhola\/","title":{"rendered":"Bolsista para o projeto de Literatura Espanhola"},"content":{"rendered":"\n<p class=\" \">A Dire\u00e7\u00e3o do InELC divulga a chamada para selecionar um bolsista para atuar no projeto &#8220;\u201c<strong>Alfeizar liter\u00e1rio: una aproximaci\u00f3n a la literatura en lengua espa\u00f1ola<\/strong>\u201d e ser\u00e1 coordenado pela Profa. Maria Del Pilar Roca Escalante, do Departamento de Letras Estrangeiras Modernas.<\/p>\n\n\n\n<p class=\" \">O projeto \u00e9 destinado a discentes do curso de Letras Espanhol, bem como para membros da comunidade que, ao possuir um n\u00edvel de conhecimento de intermedi\u00e1rio para alto da l\u00edngua espanhola, desejem desenvolver, ou aprofundar, o seu conhecimento da literatura em l\u00edngua espanhola.<\/p>\n\n\n\n<p class=\" \">Por meio de leituras pr\u00e9vias e leituras coletivas de trechos de obras celebradas pelo c\u00e2non, havendo, previamente, apresenta\u00e7\u00f5es sobre a obra e\/ou resenhas liter\u00e1rias, pretende-se permitir aos participantes aceder a uma melhor compreens\u00e3o das obras selecionadas, no sentido de entender o porqu\u00ea dessas obras ainda serem amplamente lidas na nossa sociedade.<\/p>\n\n\n\n<p class=\" \">A&nbsp;proposta do curso de 45 horas ser\u00e1 implementada durante dois meses e meio, tr\u00eas horas por semana.<\/p>\n\n\n\n<p class=\" \">A candidata&nbsp;<strong>Ana Cleide de Queiroz Barreto foi selecionada<\/strong>&nbsp;atrav\u00e9s de uma entrevista. Ela \u00e9 estudante do curso de Letras-Espanhol e j\u00e1 cursou previamente as disciplinas de literatura espanhola (1,2 e 3).&nbsp;<\/p>\n\n\n\n<p class=\" \">Em breve, divulgaremos mais informa\u00e7\u00f5es sobre o referido curso.<\/p>\n","protected":false},"excerpt":{"rendered":"<p>A Dire\u00e7\u00e3o do InELC divulga a chamada para selecionar um bolsista para atuar no projeto [&hellip;]<\/p>\n","protected":false},"author":147,"featured_media":266,"comment_status":"open","ping_status":"open","sticky":false,"template":"","format":"standard","meta":{"footnotes":""},"categories":[1],"tags":[],"class_list":["post-243","post","type-post","status-publish","format-standard","has-post-thumbnail","hentry","category-noticia"],"_links":{"self":[{"href":"https:\/\/www.cchla.ufpb.br\/inelc\/wp-json\/wp\/v2\/posts\/243","targetHints":{"allow":["GET"]}}],"collection":[{"href":"https:\/\/www.cchla.ufpb.br\/inelc\/wp-json\/wp\/v2\/posts"}],"about":[{"href":"https:\/\/www.cchla.ufpb.br\/inelc\/wp-json\/wp\/v2\/types\/post"}],"author":[{"embeddable":true,"href":"https:\/\/www.cchla.ufpb.br\/inelc\/wp-json\/wp\/v2\/users\/147"}],"replies":[{"embeddable":true,"href":"https:\/\/www.cchla.ufpb.br\/inelc\/wp-json\/wp\/v2\/comments?post=243"}],"version-history":[{"count":1,"href":"https:\/\/www.cchla.ufpb.br\/inelc\/wp-json\/wp\/v2\/posts\/243\/revisions"}],"predecessor-version":[{"id":244,"href":"https:\/\/www.cchla.ufpb.br\/inelc\/wp-json\/wp\/v2\/posts\/243\/revisions\/244"}],"wp:featuredmedia":[{"embeddable":true,"href":"https:\/\/www.cchla.ufpb.br\/inelc\/wp-json\/wp\/v2\/media\/266"}],"wp:attachment":[{"href":"https:\/\/www.cchla.ufpb.br\/inelc\/wp-json\/wp\/v2\/media?parent=243"}],"wp:term":[{"taxonomy":"category","embeddable":true,"href":"https:\/\/www.cchla.ufpb.br\/inelc\/wp-json\/wp\/v2\/categories?post=243"},{"taxonomy":"post_tag","embeddable":true,"href":"https:\/\/www.cchla.ufpb.br\/inelc\/wp-json\/wp\/v2\/tags?post=243"}],"curies":[{"name":"wp","href":"https:\/\/api.w.org\/{rel}","templated":true}]}}