{"id":993,"date":"2026-03-16T17:45:03","date_gmt":"2026-03-16T17:45:03","guid":{"rendered":"https:\/\/www.cchla.ufpb.br\/inelc\/?p=993"},"modified":"2026-03-16T17:46:31","modified_gmt":"2026-03-16T17:46:31","slug":"instituto-de-estudos-linguisticos-e-culturais-da-ufpb-inelc-abre-inscricoes-para-cursos-gratuitos-de-mandarim-no-semestre-2026-1","status":"publish","type":"post","link":"https:\/\/www.cchla.ufpb.br\/inelc\/noticia\/instituto-de-estudos-linguisticos-e-culturais-da-ufpb-inelc-abre-inscricoes-para-cursos-gratuitos-de-mandarim-no-semestre-2026-1\/","title":{"rendered":"Instituto de Estudos Lingu\u00edsticos e Culturais da UFPB (InELC) abre inscri\u00e7\u00f5es para cursos gratuitos de mandarim no semestre 2026.1"},"content":{"rendered":"\n<p>O Instituto de Estudos Lingu\u00edsticos e Culturais da UFPB (InELC) abrir\u00e1, entre os dias <strong>23 e 25 de mar\u00e7o de 2026<\/strong>, o per\u00edodo de matr\u00edculas para os <strong>cursos gratuitos de mandarim<\/strong> ofertados no semestre <strong>2026.1<\/strong>. As aulas s\u00e3o destinadas ao p\u00fablico <strong>a partir de 16 anos<\/strong> e ser\u00e3o realizadas <strong>no formato REMOTO<\/strong>.<\/p>\n\n\n\n<p>A iniciativa integra o <strong>Acordo de Coopera\u00e7\u00e3o Acad\u00eamica firmado entre a UFPB e a<\/strong> Dalian University of Foreign Languages, na China, fortalecendo as a\u00e7\u00f5es de internacionaliza\u00e7\u00e3o e ampliando as oportunidades de aprendizagem de l\u00ednguas estrangeiras oferecidas pelo Instituto.<\/p>\n\n\n\n<p>Neste semestre, ser\u00e3o ofertadas turmas dos <strong>n\u00edveis 1, 2, 3 e 4<\/strong>, cada uma com <strong>carga hor\u00e1ria total de 30 horas<\/strong>.<\/p>\n\n\n\n<h2 class=\"wp-block-heading\"><div class=\"linha-header\">Matr\u00edculas<\/div><\/h2>\n\n\n\n<p>As matr\u00edculas dever\u00e3o ser realizadas <strong>entre os dias 23 e 25 de mar\u00e7o de 2026<\/strong>. Os interessados devem acessar o <strong>site oficial do InELC<\/strong> e consultar a aba <strong>\u201c<a href=\"https:\/\/www.cchla.ufpb.br\/inelc\/matriculas\/\">MATR\u00cdCULAS<\/a>\u201d<\/strong>, onde est\u00e3o dispon\u00edveis todas as orienta\u00e7\u00f5es sobre os <strong>procedimentos de inscri\u00e7\u00e3o por meio do SIGAA P\u00fablico<\/strong>.<\/p>\n\n\n\n<p>Os <strong>dias e hor\u00e1rios das turmas<\/strong> podem ser consultados na aba <strong>\u201c<a href=\"https:\/\/www.cchla.ufpb.br\/inelc\/cursos\/\">CURSOS<\/a>\u201d<\/strong> no site do Instituto.<\/p>\n\n\n\n<h2 class=\"wp-block-heading\"><div class=\"linha-header\">In\u00edcio das aulas<\/div><\/h2>\n\n\n\n<p>O in\u00edcio das aulas est\u00e1 previsto para <strong>30 de mar\u00e7o de 2026<\/strong>.<\/p>\n\n\n\n<h2 class=\"wp-block-heading\"><div class=\"linha-header\">Informa\u00e7\u00f5es importantes<\/div><\/h2>\n\n\n\n<p>Antes de realizar a matr\u00edcula, os candidatos devem observar as seguintes orienta\u00e7\u00f5es:<\/p>\n\n\n\n<ul class=\"wp-block-list\">\n<li>As vagas s\u00e3o <strong>limitadas<\/strong>.<\/li>\n\n\n\n<li>O estudante que <strong>n\u00e3o comparecer \u00e0 primeira semana de aulas ser\u00e1 automaticamente desligado da turma<\/strong>.<\/li>\n\n\n\n<li>Para emiss\u00e3o de certificado, \u00e9 necess\u00e1rio cumprir <strong>frequ\u00eancia m\u00ednima de 75% da carga hor\u00e1ria do curso<\/strong>.<\/li>\n<\/ul>\n\n\n\n<p>A oferta dos cursos de mandarim refor\u00e7a o compromisso do InELC em <strong>promover o acesso ao ensino de l\u00ednguas e estimular o interc\u00e2mbio cultural e acad\u00eamico<\/strong>, ampliando o contato da comunidade com a l\u00edngua e a cultura chinesas.<\/p>\n\n\n\n<hr class=\"wp-block-separator has-alpha-channel-opacity\" \/>\n\n\n\n<h2 class=\"wp-block-heading\"><div class=\"linha-header\">Servi\u00e7o<\/div><\/h2>\n\n\n\n<p>\ud83d\udcda <strong>Cursos:<\/strong> Mandarim (n\u00edveis 1, 2, 3 e 4)<br>\ud83d\udcbb <strong>Modalidade:<\/strong> Remota<br>\ud83c\udf93 <strong>P\u00fablico:<\/strong> A partir de 16 anos<br>\ud83d\udcc5 <strong>Per\u00edodo de matr\u00edculas:<\/strong> 23 a 25 de mar\u00e7o de 2026<br>\ud83d\ude80 <strong>In\u00edcio das aulas:<\/strong> 30 de mar\u00e7o de 2026<\/p>\n\n\n\n<p>\ud83d\udd0e <strong>Hor\u00e1rios das turmas:<\/strong> dispon\u00edveis na aba <strong>\u201cCURSOS\u201d<\/strong> no site do InELC<br>\ud83d\udcdd <strong>Procedimentos de inscri\u00e7\u00e3o:<\/strong> dispon\u00edveis na aba <strong>\u201cMATR\u00cdCULAS\u201d<\/strong>, com orienta\u00e7\u00f5es para inscri\u00e7\u00e3o pelo <strong>SIGAA P\u00fablico<\/strong><\/p>\n\n\n\n<figure class=\"wp-block-image size-full is-style-default\"><img loading=\"lazy\" decoding=\"async\" width=\"250\" height=\"241\" src=\"http:\/\/www.cchla.ufpb.br\/inelc\/wp-content\/uploads\/sites\/122\/sites\/260\/2026\/03\/Dalian_University_of_Foreign_Languages_logo.png\" alt=\"\" class=\"wp-image-994\" \/><\/figure>\n","protected":false},"excerpt":{"rendered":"<p>Cursos remotos s\u00e3o destinados a participantes a partir de 16 anos e fazem parte de parceria acad\u00eamica internacional com universidade chinesa<\/p>\n","protected":false},"author":265,"featured_media":995,"comment_status":"open","ping_status":"open","sticky":false,"template":"","format":"standard","meta":{"footnotes":""},"categories":[1],"tags":[],"class_list":["post-993","post","type-post","status-publish","format-standard","has-post-thumbnail","hentry","category-noticia"],"_links":{"self":[{"href":"https:\/\/www.cchla.ufpb.br\/inelc\/wp-json\/wp\/v2\/posts\/993","targetHints":{"allow":["GET"]}}],"collection":[{"href":"https:\/\/www.cchla.ufpb.br\/inelc\/wp-json\/wp\/v2\/posts"}],"about":[{"href":"https:\/\/www.cchla.ufpb.br\/inelc\/wp-json\/wp\/v2\/types\/post"}],"author":[{"embeddable":true,"href":"https:\/\/www.cchla.ufpb.br\/inelc\/wp-json\/wp\/v2\/users\/265"}],"replies":[{"embeddable":true,"href":"https:\/\/www.cchla.ufpb.br\/inelc\/wp-json\/wp\/v2\/comments?post=993"}],"version-history":[{"count":2,"href":"https:\/\/www.cchla.ufpb.br\/inelc\/wp-json\/wp\/v2\/posts\/993\/revisions"}],"predecessor-version":[{"id":998,"href":"https:\/\/www.cchla.ufpb.br\/inelc\/wp-json\/wp\/v2\/posts\/993\/revisions\/998"}],"wp:featuredmedia":[{"embeddable":true,"href":"https:\/\/www.cchla.ufpb.br\/inelc\/wp-json\/wp\/v2\/media\/995"}],"wp:attachment":[{"href":"https:\/\/www.cchla.ufpb.br\/inelc\/wp-json\/wp\/v2\/media?parent=993"}],"wp:term":[{"taxonomy":"category","embeddable":true,"href":"https:\/\/www.cchla.ufpb.br\/inelc\/wp-json\/wp\/v2\/categories?post=993"},{"taxonomy":"post_tag","embeddable":true,"href":"https:\/\/www.cchla.ufpb.br\/inelc\/wp-json\/wp\/v2\/tags?post=993"}],"curies":[{"name":"wp","href":"https:\/\/api.w.org\/{rel}","templated":true}]}}