{"id":282,"date":"2016-02-21T13:42:25","date_gmt":"2016-02-21T13:42:25","guid":{"rendered":"http:\/\/www.cchla.ufpb.br\/laept\/?p=282"},"modified":"2022-07-29T12:57:53","modified_gmt":"2022-07-29T12:57:53","slug":"palestra-com-o-prof-mauricio-rombaldi-trabalhadores-estrategias-e-mobilizacoes","status":"publish","type":"post","link":"https:\/\/www.cchla.ufpb.br\/laept\/?p=282","title":{"rendered":"Palestra com o Prof Maur\u00edcio Rombaldi &#8211; Trabalhadores, Estrat\u00e9gias e Mobiliza\u00e7\u00f5es"},"content":{"rendered":"<p style=\"text-align: justify;\">\u00c9 com prazer que a Coordena\u00e7\u00e3o do Laept convida todos os seus membros (professores e alunos), bem como, a comunidade acad\u00eamica interessada para a primeira atividade de nosso Grupo de Pesquisa do ano de 2016.<\/p>\n<p style=\"text-align: justify;\">Na ocasi\u00e3o contaremos com a palestra intitulada \u201cA Copa de 2014 e os trabalhadores da constru\u00e7\u00e3o: estrat\u00e9gias globais, mobiliza\u00e7\u00f5es locais\u201d a ser proferida pelo Prof. Dr. Maur\u00edcio Rombaldi. O Prof Rombaldi, rec\u00e9m concursado para a disciplina de <em>Sociologia do Trabalho<\/em> no Departamento de Ci\u00eancias Sociais da UFPB, <em>Campus<\/em> I, Jo\u00e3o Pessoa, passa a compor o quadro de pesquisadores de nosso Laborat\u00f3rio, somando o esfor\u00e7o coletivo de pesquisa que estamos construindo nos \u00faltimos anos.<\/p>\n<p style=\"text-align: justify;\">O evento \u00e9 aberto a todos os interessados e acontecer\u00e1 no pr\u00f3ximo dia 10 de mar\u00e7o, quinta-feira, a partir das 9h, na sala 402 (multi meios), no CCHLA (Centro de Ci\u00eancias Humanas, Letras e Artes), da Universidade Federal da Para\u00edba.<\/p>\n<hr \/>\n<p style=\"text-align: justify;\">\n<p>Com o intuito de qualificar o debate disponibilizamos o texto para leitura pr\u00e9via que pode ser baixado no link abaixo:<\/p>\n<p style=\"text-align: justify;\"><span style=\"color: #000000;\"><a href=\"http:\/\/periodicos.ufpb.br\/ojs\/index.php\/abet\/article\/view\/25671\/13860\" target=\"_blank\" rel=\"noopener\"><img loading=\"lazy\" class=\"alignleft size-full wp-image-289\" src=\"http:\/\/www.cchla.ufpb.br\/laept\/wp-content\/uploads\/2016\/02\/pdf_icon.png\" alt=\"pdf_icon\" width=\"40\" height=\"40\" \/><\/a>ROMBALDI, Maur\u00edcio. <strong><a href=\"http:\/\/periodicos.ufpb.br\/ojs\/index.php\/abet\/article\/view\/25671\/13860\" target=\"_blank\" rel=\"noopener\">A Copa de 2014 e os trabalhadores da constru\u00e7\u00e3o: estrat\u00e9gias globais, mobiliza\u00e7\u00f5es locais<\/a><\/strong>. Revista da ABET (Associa\u00e7\u00e3o Brasileira de Estudos do Trabalho), v. 13, p. 184-198, 2014.<\/span><\/p>\n<hr \/>\n<p>&nbsp;<\/p>\n<h3>O Prof. Maur\u00edcio Rombaldi<\/h3>\n<p style=\"text-align: justify;\"><a href=\"http:\/\/www.cchla.ufpb.br\/laept\/wp-content\/uploads\/2016\/02\/64084_10200111000640363_650361337_n.jpg\"><img loading=\"lazy\" class=\"alignleft wp-image-290 size-thumbnail\" src=\"http:\/\/www.cchla.ufpb.br\/laept\/wp-content\/uploads\/2016\/02\/64084_10200111000640363_650361337_n-150x150.jpg\" alt=\"64084_10200111000640363_650361337_n\" width=\"150\" height=\"150\" \/><\/a>\u00c9 Professor Adjunto da Universidade Federal da Para\u00edba (UFPB) desde 2016. Foi credenciado junto ao Programa de P\u00f3s-Gradua\u00e7\u00e3o em Sociologia da Universidade Federal do Rio Grande do Sul (PPGS\/UFRGS), onde realizou p\u00f3s-doutoramento. Doutor e mestre em sociologia pela Universidade de S\u00e3o Paulo (USP), \u00e9 graduado em bacharelado e licenciatura em ci\u00eancias sociais pela UFRGS. Sob o enfoque da intersec\u00e7\u00e3o entre cultura e pol\u00edtica, t\u00eam como linha de pesquisa an\u00e1lises sobre globaliza\u00e7\u00e3o, rela\u00e7\u00f5es de trabalho e sindicalismo. Em especial, destacam-se estudos sobre a rela\u00e7\u00e3o entre a internacionaliza\u00e7\u00e3o sindical e a regula\u00e7\u00e3o do trabalho nos n\u00edveis nacional e internacional, bem como sobre as pr\u00e1ticas desempenhadas por agentes sociais durante os preparativos de megaeventos esportivos no Brasil e no exterior. Como experi\u00eancia profissional, ressalta-se a coordena\u00e7\u00e3o de projetos voltados a organismos internacionais e \u00e0 promo\u00e7\u00e3o de conven\u00e7\u00f5es da Organiza\u00e7\u00e3o Internacional do Trabalho (OIT).<\/p>\n<hr \/>\n<p>&nbsp;<\/p>\n<p>&nbsp;<\/p>\n<p><img loading=\"lazy\" class=\"alignleft size-large wp-image-283\" src=\"http:\/\/www.cchla.ufpb.br\/laept\/wp-content\/uploads\/2016\/02\/Laept-Cartaz-Paletsra-Maur\u00edcio-Rombaldi-1024x723.jpg\" alt=\"Laept - Cartaz - Paletsra Maur\u00edcio Rombaldi\" width=\"1024\" height=\"723\" srcset=\"https:\/\/www.cchla.ufpb.br\/laept\/wp-content\/uploads\/2016\/02\/Laept-Cartaz-Paletsra-Maur\u00edcio-Rombaldi-1024x723.jpg 1024w, https:\/\/www.cchla.ufpb.br\/laept\/wp-content\/uploads\/2016\/02\/Laept-Cartaz-Paletsra-Maur\u00edcio-Rombaldi-300x212.jpg 300w\" sizes=\"(max-width: 1024px) 100vw, 1024px\" \/><\/p>\n","protected":false},"excerpt":{"rendered":"<p>\u00c9 com prazer que a Coordena\u00e7\u00e3o do Laept convida todos os seus membros (professores e alunos), bem como, a comunidade acad\u00eamica interessada para a primeira atividade de nosso Grupo de Pesquisa do ano de 2016. Na ocasi\u00e3o contaremos com a palestra intitulada \u201cA Copa de 2014 e os trabalhadores da constru\u00e7\u00e3o: estrat\u00e9gias globais, mobiliza\u00e7\u00f5es locais\u201d [&hellip;]<\/p>\n","protected":false},"author":5,"featured_media":0,"comment_status":"closed","ping_status":"open","sticky":false,"template":"","format":"standard","meta":[],"categories":[1],"tags":[],"_links":{"self":[{"href":"https:\/\/www.cchla.ufpb.br\/laept\/index.php?rest_route=\/wp\/v2\/posts\/282"}],"collection":[{"href":"https:\/\/www.cchla.ufpb.br\/laept\/index.php?rest_route=\/wp\/v2\/posts"}],"about":[{"href":"https:\/\/www.cchla.ufpb.br\/laept\/index.php?rest_route=\/wp\/v2\/types\/post"}],"author":[{"embeddable":true,"href":"https:\/\/www.cchla.ufpb.br\/laept\/index.php?rest_route=\/wp\/v2\/users\/5"}],"replies":[{"embeddable":true,"href":"https:\/\/www.cchla.ufpb.br\/laept\/index.php?rest_route=%2Fwp%2Fv2%2Fcomments&post=282"}],"version-history":[{"count":4,"href":"https:\/\/www.cchla.ufpb.br\/laept\/index.php?rest_route=\/wp\/v2\/posts\/282\/revisions"}],"predecessor-version":[{"id":483,"href":"https:\/\/www.cchla.ufpb.br\/laept\/index.php?rest_route=\/wp\/v2\/posts\/282\/revisions\/483"}],"wp:attachment":[{"href":"https:\/\/www.cchla.ufpb.br\/laept\/index.php?rest_route=%2Fwp%2Fv2%2Fmedia&parent=282"}],"wp:term":[{"taxonomy":"category","embeddable":true,"href":"https:\/\/www.cchla.ufpb.br\/laept\/index.php?rest_route=%2Fwp%2Fv2%2Fcategories&post=282"},{"taxonomy":"post_tag","embeddable":true,"href":"https:\/\/www.cchla.ufpb.br\/laept\/index.php?rest_route=%2Fwp%2Fv2%2Ftags&post=282"}],"curies":[{"name":"wp","href":"https:\/\/api.w.org\/{rel}","templated":true}]}}