{"id":183,"date":"2024-10-19T13:47:43","date_gmt":"2024-10-19T16:47:43","guid":{"rendered":"https:\/\/www.cchla.ufpb.br\/leani\/?p=183"},"modified":"2025-11-13T23:31:23","modified_gmt":"2025-11-14T02:31:23","slug":"i-encontro-regional-de-comercio-exterior-e-mediacoes-interculturais-do-nordeste-e-da-paraiba-i-ecemi-ne-pb","status":"publish","type":"post","link":"https:\/\/www.cchla.ufpb.br\/leani\/noticias\/i-encontro-regional-de-comercio-exterior-e-mediacoes-interculturais-do-nordeste-e-da-paraiba-i-ecemi-ne-pb\/","title":{"rendered":"I Encontro Regional de Com\u00e9rcio Exterior e Media\u00e7\u00f5es Interculturais do Nordeste e da Para\u00edba (I ECEMI NE\/PB)"},"content":{"rendered":"\n<h2 class=\"wp-block-heading alignwide\" id=\"we-re-a-studio-in-berlin-with-an-international-practice-in-architecture-urban-planning-and-interior-design-we-believe-in-sharing-knowledge-and-promoting-dialogue-to-increase-the-creative-potential-of-collaboration\" style=\"font-size:30px;line-height:1.1\"><strong>INTERNACIONALIZAR \u00c9 INOVAR<\/strong><\/h2>\n\n\n\n<figure class=\"wp-block-image size-large\"><img loading=\"lazy\" decoding=\"async\" width=\"1024\" height=\"768\" src=\"https:\/\/www.cchla.ufpb.br\/leani\/wp-content\/uploads\/sites\/122\/sites\/156\/2024\/09\/I-ECEMI-NE-PB-1-1024x768.jpg\" alt=\"\" class=\"wp-image-184\" srcset=\"https:\/\/www.cchla.ufpb.br\/leani\/wp-content\/uploads\/sites\/122\/sites\/156\/2024\/09\/I-ECEMI-NE-PB-1-1024x768.jpg 1024w, https:\/\/www.cchla.ufpb.br\/leani\/wp-content\/uploads\/sites\/122\/sites\/156\/2024\/09\/I-ECEMI-NE-PB-1-300x225.jpg 300w, https:\/\/www.cchla.ufpb.br\/leani\/wp-content\/uploads\/sites\/122\/sites\/156\/2024\/09\/I-ECEMI-NE-PB-1-768x576.jpg 768w, https:\/\/www.cchla.ufpb.br\/leani\/wp-content\/uploads\/sites\/122\/sites\/156\/2024\/09\/I-ECEMI-NE-PB-1-1536x1152.jpg 1536w, https:\/\/www.cchla.ufpb.br\/leani\/wp-content\/uploads\/sites\/122\/sites\/156\/2024\/09\/I-ECEMI-NE-PB-1-2048x1536.jpg 2048w\" sizes=\"auto, (max-width: 1024px) 100vw, 1024px\" \/><\/figure>\n\n\n\n<p>Entre os dias 19 e 23 de agosto, o Centro de Ci\u00eancias Humanas, Letras e Artes (CCHLA) da UFPB foi palco do I Encontro Regional de Com\u00e9rcio Exterior e Media\u00e7\u00f5es Interculturais do Nordeste e da Para\u00edba (ECEMI NE\/PB). O evento foi idealizado pelo professor Roberto Vilmar Satur e contou com a participa\u00e7\u00e3o de especialistas e acad\u00eamicos que discutiram temas fundamentais para o desenvolvimento econ\u00f4mico e cultural da regi\u00e3o, como internacionaliza\u00e7\u00e3o, comunica\u00e7\u00e3o intercultural e imigra\u00e7\u00e3o durante estes cinco dias.<\/p>\n\n\n\n<h2 class=\"wp-block-heading has-black-color has-text-color has-link-color has-large-font-size wp-elements-4a2237557c2f415a15fe52ae1b924e22\">Com\u00e9rcio Exterior, Desenvolvimento e Inova\u00e7\u00e3o (19\/08\/24)<\/h2>\n\n\n\n<div class=\"wp-block-media-text is-stacked-on-mobile\" style=\"grid-template-columns:45% auto\"><figure class=\"wp-block-media-text__media\"><img loading=\"lazy\" decoding=\"async\" width=\"1024\" height=\"576\" src=\"https:\/\/www.cchla.ufpb.br\/leani\/wp-content\/uploads\/sites\/122\/sites\/156\/2024\/09\/WhatsApp-Image-2024-08-19-at-2.37.18-PM-1-1024x576.jpg\" alt=\"\" class=\"wp-image-186 size-full\" srcset=\"https:\/\/www.cchla.ufpb.br\/leani\/wp-content\/uploads\/sites\/122\/sites\/156\/2024\/09\/WhatsApp-Image-2024-08-19-at-2.37.18-PM-1-1024x576.jpg 1024w, https:\/\/www.cchla.ufpb.br\/leani\/wp-content\/uploads\/sites\/122\/sites\/156\/2024\/09\/WhatsApp-Image-2024-08-19-at-2.37.18-PM-1-300x169.jpg 300w, https:\/\/www.cchla.ufpb.br\/leani\/wp-content\/uploads\/sites\/122\/sites\/156\/2024\/09\/WhatsApp-Image-2024-08-19-at-2.37.18-PM-1-768x432.jpg 768w, https:\/\/www.cchla.ufpb.br\/leani\/wp-content\/uploads\/sites\/122\/sites\/156\/2024\/09\/WhatsApp-Image-2024-08-19-at-2.37.18-PM-1.jpg 1280w\" sizes=\"auto, (max-width: 1024px) 100vw, 1024px\" \/><\/figure><div class=\"wp-block-media-text__content\">\n<p>A cerim\u00f4nia de abertura foi presidida pelo professor Roberto Vilmar Satur, coordenador do curso de L\u00ednguas Estrangeiras Aplicadas \u00e0s Negocia\u00e7\u00f5es Internacionais (LEA-NI) e idealizador do evento, contando com presen\u00e7as importantes com a vice-reitora Liana Filgueira, o vice-diretor do CCHLA Marcelo Sitcovsky, a superintendente do IEL\/PB Raquel Paulo, dentre outros.<\/p>\n<\/div><\/div>\n\n\n\n<p>O destaque do dia foi a palestra &#8220;Com\u00e9rcio Exterior, Desenvolvimento e Inova\u00e7\u00e3o&#8221;, ministrada pela Dra. Maria Teresa Bustamante, que trouxe reflex\u00f5es sobre o impacto da inova\u00e7\u00e3o nas rela\u00e7\u00f5es internacionais. Para finalizar o primeiro dia do evento, bolsistas do projeto PETI COMEX CADI PB (UFPB\/FAPESQ PB), o professor Roberto Satur e a superintendente do IEL\/PB Raquel Paulo discutem em uma mesa redonda sobre a realidade do com\u00e9rcio exterior na Para\u00edba.<\/p>\n\n\n\n<h2 class=\"wp-block-heading has-black-color has-text-color has-link-color has-large-font-size wp-elements-02560a4ead47b5bfd31a452b318fc3e4\">Empreendedorismo, Inova\u00e7\u00e3o e Internacionaliza\u00e7\u00e3o (20\/08\/24)<\/h2>\n\n\n\n<div class=\"wp-block-media-text has-media-on-the-right is-stacked-on-mobile\" style=\"grid-template-columns:auto 45%\"><div class=\"wp-block-media-text__content\">\n<p>No segundo dia, a palestra foi sobre &#8220;Empreendedorismo, Inova\u00e7\u00e3o e Internacionaliza\u00e7\u00e3o&#8221;, apresentada pela Dra. Lucilene Kleina Rodrigues, que revelou as potencialidades da inova\u00e7\u00e3o para impulsionar o com\u00e9rcio exterior. O debate foi enriquecido pela Dra. Elia Elisa Cia Alves. Na sequ\u00eancia, a mesa redonda focou em casos pr\u00e1ticos de inova\u00e7\u00e3o, com destaque para as iniciativas da Ag\u00eancia de Inova\u00e7\u00e3o da UFPB e o papel do Porto de Cabedelo na internacionaliza\u00e7\u00e3o da economia local.<\/p>\n<\/div><figure class=\"wp-block-media-text__media\"><img loading=\"lazy\" decoding=\"async\" width=\"591\" height=\"442\" src=\"https:\/\/www.cchla.ufpb.br\/leani\/wp-content\/uploads\/sites\/122\/sites\/156\/2024\/09\/I-ECEMI-NE-PB-2.jpg\" alt=\"\" class=\"wp-image-189 size-full\" srcset=\"https:\/\/www.cchla.ufpb.br\/leani\/wp-content\/uploads\/sites\/122\/sites\/156\/2024\/09\/I-ECEMI-NE-PB-2.jpg 591w, https:\/\/www.cchla.ufpb.br\/leani\/wp-content\/uploads\/sites\/122\/sites\/156\/2024\/09\/I-ECEMI-NE-PB-2-300x224.jpg 300w\" sizes=\"auto, (max-width: 591px) 100vw, 591px\" \/><\/figure><\/div>\n\n\n\n<h2 class=\"wp-block-heading has-black-color has-text-color has-link-color has-large-font-size wp-elements-3d33d8e5ea14e44962e1d8b6103fd338\">Negocia\u00e7\u00f5es, Comunica\u00e7\u00e3o e Interculturalidade (21\/08\/24)<\/h2>\n\n\n\n<div class=\"wp-block-media-text is-stacked-on-mobile\" style=\"grid-template-columns:45% auto\"><figure class=\"wp-block-media-text__media\"><img loading=\"lazy\" decoding=\"async\" width=\"1024\" height=\"672\" src=\"https:\/\/www.cchla.ufpb.br\/leani\/wp-content\/uploads\/sites\/122\/sites\/156\/2024\/09\/I-ECEMI-NE-PB-3-1024x672.jpg\" alt=\"\" class=\"wp-image-190 size-full\" srcset=\"https:\/\/www.cchla.ufpb.br\/leani\/wp-content\/uploads\/sites\/122\/sites\/156\/2024\/09\/I-ECEMI-NE-PB-3-1024x672.jpg 1024w, https:\/\/www.cchla.ufpb.br\/leani\/wp-content\/uploads\/sites\/122\/sites\/156\/2024\/09\/I-ECEMI-NE-PB-3-300x197.jpg 300w, https:\/\/www.cchla.ufpb.br\/leani\/wp-content\/uploads\/sites\/122\/sites\/156\/2024\/09\/I-ECEMI-NE-PB-3-768x504.jpg 768w, https:\/\/www.cchla.ufpb.br\/leani\/wp-content\/uploads\/sites\/122\/sites\/156\/2024\/09\/I-ECEMI-NE-PB-3-1536x1008.jpg 1536w, https:\/\/www.cchla.ufpb.br\/leani\/wp-content\/uploads\/sites\/122\/sites\/156\/2024\/09\/I-ECEMI-NE-PB-3-2048x1344.jpg 2048w\" sizes=\"auto, (max-width: 1024px) 100vw, 1024px\" \/><\/figure><div class=\"wp-block-media-text__content\">\n<p>No terceiro dia, a palestra do dia, ministrada pelo Dr. Fellipe S\u00e1 Brasileiro, abordou &#8220;Negocia\u00e7\u00f5es, Comunica\u00e7\u00e3o e Interculturalidade&#8221;. A discuss\u00e3o girou em torno dos desafios e oportunidades presentes nas negocia\u00e7\u00f5es interculturais. A mesa redonda focou em aplica\u00e7\u00f5es pr\u00e1ticas dessas negocia\u00e7\u00f5es na Para\u00edba, incluindo a atua\u00e7\u00e3o da empresa j\u00fanior Internacionalize e o papel das publica\u00e7\u00f5es acad\u00eamicas em promover a comunica\u00e7\u00e3o intercultural.<\/p>\n<\/div><\/div>\n\n\n\n<h2 class=\"wp-block-heading has-black-color has-text-color has-link-color has-large-font-size wp-elements-759367649823d7380979dba4e5d170ab\">Media\u00e7\u00f5es Interculturais, Interc\u00e2mbio e a L\u00edngua (22\/08\/24)<\/h2>\n\n\n\n<div class=\"wp-block-media-text has-media-on-the-right is-stacked-on-mobile\" style=\"grid-template-columns:auto 45%\"><div class=\"wp-block-media-text__content\">\n<p>O quarto dia do evento destacou a import\u00e2ncia das media\u00e7\u00f5es interculturais no contexto dos interc\u00e2mbios acad\u00eamicos. A palestra da Dra. Ana Berenice Peres Martonelli trouxe \u00e0 tona os desafios e benef\u00edcios de programas de interc\u00e2mbio, tanto para estudantes quanto para as institui\u00e7\u00f5es. A mesa redonda sobre interc\u00e2mbio contou com relatos inspiradores de estudantes que compartilharam suas experi\u00eancias em pa\u00edses como Espanha, Fran\u00e7a, Alemanha e inclusive, Brasil, evidenciando o impacto dessas viv\u00eancias na forma\u00e7\u00e3o profissional e pessoal.<\/p>\n<\/div><figure class=\"wp-block-media-text__media\"><img loading=\"lazy\" decoding=\"async\" width=\"726\" height=\"762\" src=\"https:\/\/www.cchla.ufpb.br\/leani\/wp-content\/uploads\/sites\/122\/sites\/156\/2024\/09\/I-ECEMI-NE-PB-4.jpg\" alt=\"\" class=\"wp-image-191 size-full\" srcset=\"https:\/\/www.cchla.ufpb.br\/leani\/wp-content\/uploads\/sites\/122\/sites\/156\/2024\/09\/I-ECEMI-NE-PB-4.jpg 726w, https:\/\/www.cchla.ufpb.br\/leani\/wp-content\/uploads\/sites\/122\/sites\/156\/2024\/09\/I-ECEMI-NE-PB-4-286x300.jpg 286w\" sizes=\"auto, (max-width: 726px) 100vw, 726px\" \/><\/figure><\/div>\n\n\n\n<h2 class=\"wp-block-heading has-black-color has-text-color has-link-color has-large-font-size wp-elements-84d7fe5f24d4e33a748f62053284531b\">MEDIA\u00c7\u00d5ES INTERCULTURAIS PARA IMIGRANTES, REFUGIADOS E AP\u00c1TRIDOS: Internacionalizar Tamb\u00e9m \u00e9 Acolher o Outro (23\/08\/24)<\/h2>\n\n\n\n<div class=\"wp-block-media-text is-stacked-on-mobile\" style=\"grid-template-columns:45% auto\"><figure class=\"wp-block-media-text__media\"><img loading=\"lazy\" decoding=\"async\" width=\"1024\" height=\"768\" src=\"https:\/\/www.cchla.ufpb.br\/leani\/wp-content\/uploads\/sites\/122\/sites\/156\/2024\/09\/I-ECEMI-NE-PB-55-1024x768.jpg\" alt=\"\" class=\"wp-image-193 size-full\" srcset=\"https:\/\/www.cchla.ufpb.br\/leani\/wp-content\/uploads\/sites\/122\/sites\/156\/2024\/09\/I-ECEMI-NE-PB-55-1024x768.jpg 1024w, https:\/\/www.cchla.ufpb.br\/leani\/wp-content\/uploads\/sites\/122\/sites\/156\/2024\/09\/I-ECEMI-NE-PB-55-300x225.jpg 300w, https:\/\/www.cchla.ufpb.br\/leani\/wp-content\/uploads\/sites\/122\/sites\/156\/2024\/09\/I-ECEMI-NE-PB-55-768x576.jpg 768w, https:\/\/www.cchla.ufpb.br\/leani\/wp-content\/uploads\/sites\/122\/sites\/156\/2024\/09\/I-ECEMI-NE-PB-55-1536x1152.jpg 1536w, https:\/\/www.cchla.ufpb.br\/leani\/wp-content\/uploads\/sites\/122\/sites\/156\/2024\/09\/I-ECEMI-NE-PB-55.jpg 1600w\" sizes=\"auto, (max-width: 1024px) 100vw, 1024px\" \/><\/figure><div class=\"wp-block-media-text__content\">\n<p>No \u00faltimo dia, o foco foi nas media\u00e7\u00f5es interculturais voltadas para imigrantes e refugiados. A palestra &#8220;Media\u00e7\u00f5es Interculturais para Imigrantes, Refugiados e Ap\u00e1tridas&#8221; foi conduzida pela assistente social Cyntia de Albuquerque Sampaio, que destacou a import\u00e2ncia de acolher o &#8220;outro&#8221; no processo de internacionaliza\u00e7\u00e3o.<\/p>\n<\/div><\/div>\n\n\n\n<p><\/p>\n\n\n\n<p>O evento foi encerrado com uma mesa redonda que trouxe experi\u00eancias de migrantes na Para\u00edba, com destaque para iniciativas de projetos de extens\u00e3o da UFPB e relatos de imigrantes sobre suas trajet\u00f3rias.<\/p>\n\n\n\n<p>O ECEMI NE\/PB foi um marco para o interc\u00e2mbio de conhecimento e experi\u00eancias, promovendo o desenvolvimento econ\u00f4mico e cultural da Para\u00edba e regi\u00e3o.<\/p>\n\n\n\n<p><\/p>\n","protected":false},"excerpt":{"rendered":"<p>INTERNACIONALIZAR \u00c9 INOVAR Entre os dias 19 e 23 de agosto, o Centro de Ci\u00eancias Humanas, Letras e Artes (CCHLA) da UFPB foi palco do I Encontro Regional de Com\u00e9rcio Exterior e Media\u00e7\u00f5es Interculturais do Nordeste e da Para\u00edba (ECEMI NE\/PB). O evento foi idealizado pelo professor Roberto Vilmar Satur e contou com a participa\u00e7\u00e3o [&hellip;]<\/p>\n","protected":false},"author":102,"featured_media":0,"comment_status":"closed","ping_status":"open","sticky":false,"template":"","format":"standard","meta":{"footnotes":""},"categories":[1],"tags":[21,8,18,9,22,17,15,16,11,10,13,5,6,7,14,19,12,20],"class_list":["post-183","post","type-post","status-publish","format-standard","hentry","category-noticias","tag-apatridos","tag-comercio-exterior","tag-comunicacao","tag-cultura","tag-ecemi","tag-empreendedorismo","tag-imigracao","tag-inovacao","tag-intercambio","tag-interculturalidade","tag-internacionalizacao","tag-lea","tag-leani","tag-linguas-estrangeiras-aplicadas-as-negociacoes-internacionais","tag-mediacao","tag-negociacao","tag-paraiba","tag-refugiados"],"_links":{"self":[{"href":"https:\/\/www.cchla.ufpb.br\/leani\/wp-json\/wp\/v2\/posts\/183","targetHints":{"allow":["GET"]}}],"collection":[{"href":"https:\/\/www.cchla.ufpb.br\/leani\/wp-json\/wp\/v2\/posts"}],"about":[{"href":"https:\/\/www.cchla.ufpb.br\/leani\/wp-json\/wp\/v2\/types\/post"}],"author":[{"embeddable":true,"href":"https:\/\/www.cchla.ufpb.br\/leani\/wp-json\/wp\/v2\/users\/102"}],"replies":[{"embeddable":true,"href":"https:\/\/www.cchla.ufpb.br\/leani\/wp-json\/wp\/v2\/comments?post=183"}],"version-history":[{"count":7,"href":"https:\/\/www.cchla.ufpb.br\/leani\/wp-json\/wp\/v2\/posts\/183\/revisions"}],"predecessor-version":[{"id":200,"href":"https:\/\/www.cchla.ufpb.br\/leani\/wp-json\/wp\/v2\/posts\/183\/revisions\/200"}],"wp:attachment":[{"href":"https:\/\/www.cchla.ufpb.br\/leani\/wp-json\/wp\/v2\/media?parent=183"}],"wp:term":[{"taxonomy":"category","embeddable":true,"href":"https:\/\/www.cchla.ufpb.br\/leani\/wp-json\/wp\/v2\/categories?post=183"},{"taxonomy":"post_tag","embeddable":true,"href":"https:\/\/www.cchla.ufpb.br\/leani\/wp-json\/wp\/v2\/tags?post=183"}],"curies":[{"name":"wp","href":"https:\/\/api.w.org\/{rel}","templated":true}]}}