{"id":385,"date":"2024-12-13T11:51:03","date_gmt":"2024-12-13T14:51:03","guid":{"rendered":"https:\/\/www.cchla.ufpb.br\/leani\/?p=385"},"modified":"2025-11-13T23:30:45","modified_gmt":"2025-11-14T02:30:45","slug":"leani-15-anos-de-historia","status":"publish","type":"post","link":"https:\/\/www.cchla.ufpb.br\/leani\/noticias\/leani-15-anos-de-historia\/","title":{"rendered":"LEANI: 15 anos de hist\u00f3ria"},"content":{"rendered":"\n<p id=\"block-4a57eb6b-7a54-48b0-87a7-dcc69674f112\">Participe do evento<strong> LEANI: 15 anos de hist\u00f3ria<\/strong>! No dia 16 de dezembro, \u00e0s 16h, no audit\u00f3rio 412, teremos uma programa\u00e7\u00e3o presencial com depoimentos, projetos e um momento cultural. No dia 17 de dezembro, \u00e0s 9h30, n\u00e3o perca a Aula Inaugural &#8220;O ensino de l\u00ednguas estrangeiras no LEA: perspectivas e desafios&#8221;, com a Profa. Dra. Luciane Boganika, transmitida ao vivo pelo YouTube.<\/p>\n\n\n\n<p id=\"block-22b475cb-8dc1-4a08-abbc-f0e5ebbc0efe\"><\/p>\n\n\n\n<h2 class=\"wp-block-heading\" id=\"block-5243474a-6eaa-4e7e-8616-5e98c2ffff72\">Programa\u00e7\u00e3o<\/h2>\n\n\n\n<p id=\"block-ee23f780-8bae-4314-a3c1-1ee47d12e8c1\"><strong>Encontro presencial<\/strong><\/p>\n\n\n\n<p id=\"block-b236cd21-9020-40c3-b643-77b94ef9f2a3\"><strong>Dia 16 de dezembro<\/strong> \u00e0<strong>s 16h00<\/strong>, <strong>audit\u00f3rio 412<\/strong>.<\/p>\n\n\n\n<ul id=\"block-3d049fe6-85c0-4214-b7e9-2c21c5dd5fcd\" class=\"wp-block-list\">\n<li><strong>Abertura:<\/strong><\/li>\n<\/ul>\n\n\n\n<p id=\"block-28c6e732-5d56-4fb1-b5c2-a65bea81e48d\">Vice-Reitora: Prof<sup>a<\/sup>. Dr<sup>a<\/sup>.&nbsp;M\u00f4nica N\u00f3brega.<\/p>\n\n\n\n<p id=\"block-0643f924-c098-4d48-91d0-94610887d2a3\">Diretor do CCHLA: Prof. Dr . Rodrigo Freire de Carvalho e Silva.<\/p>\n\n\n\n<p id=\"block-46451dc2-4c27-4ffc-9f2e-a62dde0574e4\">Vice-Chefe de Departamento: Prof. Dr . Roberto Carlos de Assis.<\/p>\n\n\n\n<p id=\"block-7108d19a-a8b9-4975-9734-54ecac9b40cb\">Coord. do curso: Prof<sup>a<\/sup>. Dr<sup>a<\/sup>.&nbsp;Maria Rennally Soares da Silva.<\/p>\n\n\n\n<p id=\"block-80de215e-139a-4563-ae6e-2c6a04ca1524\">Represent. de ex-Coordenadores do curso: Prof. Dr . Roberto Vilmar Satur.<\/p>\n\n\n\n<ul id=\"block-30773d67-d41a-4eaf-a326-ba3b2b08ec1d\" class=\"wp-block-list\">\n<li><strong>Depoimentos:<\/strong><\/li>\n<\/ul>\n\n\n\n<p id=\"block-0b1c2ede-cd06-4a1e-a375-d1cf86b033e0\">Como tudo come\u00e7ou: Prof<sup>a<\/sup>. Dr<sup>a<\/sup>. Ana Berenice Peres Martorelli.<\/p>\n\n\n\n<p id=\"block-b42ffd1b-fa7d-4f75-9ad1-f81dc624a551\">Dias de ontem: Prof<sup>a<\/sup>. Dr<sup>a<\/sup>. K\u00e1tia Ferreira Fraga.<\/p>\n\n\n\n<p id=\"block-f899470c-c034-4cda-bc97-4db8df3c0570\">Dias de hoje: Prof<sup>a<\/sup>. M<sup>a<\/sup>. Silvia Renta Ribeiro.<\/p>\n\n\n\n<p id=\"block-03de98a2-05a3-42b0-b3d0-9ad49d9999be\">Projetos: Prof<sup>a<\/sup>. M<sup>a<\/sup>. Cl\u00e1udia Caminha Lopes Rodrigues &amp; Prof<sup>a<\/sup>. Dr<sup>a<\/sup>. Ana Carolina Vieira Bastos.<\/p>\n\n\n\n<ul id=\"block-b58fe57c-c4a8-4418-9cb5-b6fbc0b2a3c7\" class=\"wp-block-list\">\n<li><strong>Representa\u00e7\u00e3o discente:<\/strong><\/li>\n<\/ul>\n\n\n\n<p id=\"block-d903e570-1c9e-4df2-be6a-1803381a201a\">Presidente do Centro Acad\u00eamico CALEA: Everton Galdino.<\/p>\n\n\n\n<p id=\"block-691def5b-ab36-4f6c-a229-6eaf925d218f\">Presidente da Empresa J\u00fanior Internacionalize: Jaiany Santos.<\/p>\n\n\n\n<ul id=\"block-cd48c8e6-ae61-4b34-9a6e-8caf4c472975\" class=\"wp-block-list\">\n<li><strong>Momento cultural<\/strong><\/li>\n<\/ul>\n\n\n\n<p id=\"block-e52de1cc-2015-42cc-8cb1-2ec1e1115ea5\"><strong>Aula inaugural<\/strong><\/p>\n\n\n\n<p id=\"block-9c38315d-4cfb-46b0-be22-054cd5061b49\"><strong>Dia 17 de dezembro<\/strong> <strong>\u00e0s 9h30<\/strong><strong>, no canal Youtube do LEA-NI<\/strong><\/p>\n\n\n\n<p id=\"block-a040abf1-39a2-482a-924a-0b9794628d65\">\u201c<em>O ensino de l\u00ednguas estrangeiras no LEA: perspectivas e desafios<\/em>\u201d : Prof<sup>a<\/sup>. Dr<sup>a<\/sup>. Luciane Boganika (LEA- Universit\u00e9 de Rennes II).<\/p>\n\n\n\n<p id=\"block-685ad95a-3c67-4c72-864f-f75f10d36858\">Mediadora: Prof<sup>a<\/sup>. M<sup>a<\/sup>. Cl\u00e1udia Caminha<\/p>\n\n\n\n<p><\/p>\n","protected":false},"excerpt":{"rendered":"<p>Participe do evento LEANI: 15 anos de hist\u00f3ria! No dia 16 de dezembro, \u00e0s 16h, no audit\u00f3rio 412, teremos uma programa\u00e7\u00e3o presencial com depoimentos, projetos e um momento cultural. No dia 17 de dezembro, \u00e0s 9h30, n\u00e3o perca a Aula Inaugural &#8220;O ensino de l\u00ednguas estrangeiras no LEA: perspectivas e desafios&#8221;, com a Profa. Dra. [&hellip;]<\/p>\n","protected":false},"author":182,"featured_media":0,"comment_status":"closed","ping_status":"open","sticky":false,"template":"","format":"standard","meta":{"footnotes":""},"categories":[1],"tags":[27,18,16,5,28,14,19],"class_list":["post-385","post","type-post","status-publish","format-standard","hentry","category-noticias","tag-cchla","tag-comunicacao","tag-inovacao","tag-lea","tag-lea-15-anos","tag-mediacao","tag-negociacao"],"_links":{"self":[{"href":"https:\/\/www.cchla.ufpb.br\/leani\/wp-json\/wp\/v2\/posts\/385","targetHints":{"allow":["GET"]}}],"collection":[{"href":"https:\/\/www.cchla.ufpb.br\/leani\/wp-json\/wp\/v2\/posts"}],"about":[{"href":"https:\/\/www.cchla.ufpb.br\/leani\/wp-json\/wp\/v2\/types\/post"}],"author":[{"embeddable":true,"href":"https:\/\/www.cchla.ufpb.br\/leani\/wp-json\/wp\/v2\/users\/182"}],"replies":[{"embeddable":true,"href":"https:\/\/www.cchla.ufpb.br\/leani\/wp-json\/wp\/v2\/comments?post=385"}],"version-history":[{"count":2,"href":"https:\/\/www.cchla.ufpb.br\/leani\/wp-json\/wp\/v2\/posts\/385\/revisions"}],"predecessor-version":[{"id":387,"href":"https:\/\/www.cchla.ufpb.br\/leani\/wp-json\/wp\/v2\/posts\/385\/revisions\/387"}],"wp:attachment":[{"href":"https:\/\/www.cchla.ufpb.br\/leani\/wp-json\/wp\/v2\/media?parent=385"}],"wp:term":[{"taxonomy":"category","embeddable":true,"href":"https:\/\/www.cchla.ufpb.br\/leani\/wp-json\/wp\/v2\/categories?post=385"},{"taxonomy":"post_tag","embeddable":true,"href":"https:\/\/www.cchla.ufpb.br\/leani\/wp-json\/wp\/v2\/tags?post=385"}],"curies":[{"name":"wp","href":"https:\/\/api.w.org\/{rel}","templated":true}]}}