{"id":493,"date":"2025-10-27T20:05:24","date_gmt":"2025-10-27T23:05:24","guid":{"rendered":"https:\/\/www.cchla.ufpb.br\/leani\/?p=493"},"modified":"2025-11-13T23:28:27","modified_gmt":"2025-11-14T02:28:27","slug":"inclusao-e-acessibilidade","status":"publish","type":"post","link":"https:\/\/www.cchla.ufpb.br\/leani\/noticias\/inclusao-e-acessibilidade\/","title":{"rendered":"Inclus\u00e3o e acessibilidade"},"content":{"rendered":"\n<p id=\"block-2eddf872-6376-4778-b001-0717d0df1e1a\">A inclus\u00e3o \u00e9 uma responsabilidade institucional compartilhada, e o sucesso da perman\u00eancia e do desenvolvimento acad\u00eamico de cada estudante \u00e9 um reflexo direto da sensibilidade, da proatividade e do acolhimento de toda a nossa comunidade. Em nosso contexto, a\u00a0<strong>Pol\u00edtica de Inclus\u00e3o e Acessibilidade da UFPB<\/strong>, estabelecida por Resolu\u00e7\u00e3o do CONSUNI, CONSEPE, e a atua\u00e7\u00e3o do\u00a0<strong>Comit\u00ea de Inclus\u00e3o e Acessibilidade (CIA)<\/strong>, garantem o arcabou\u00e7o normativo para o nosso trabalho. Essas normativas consagram Gestores, Docentes e Servidores T\u00e9cnicos Administrativos como\u00a0parte essencial e correspons\u00e1vel\u00a0por criar um ambiente educacional que promova a igualdade de oportunidades e o combate a todas as formas de discrimina\u00e7\u00e3o.<\/p>\n\n\n\n<p id=\"block-93384009-7b88-4973-8ed4-8c1fe8c0c64a\">\u00c9 importante informar que o CIA &#8211; Comit\u00ea de Inclus\u00e3o e Acessbilidade n\u00e3o \u00e9 uma unidade regulat\u00f3ria obrigat\u00f3ria. Os estudantes optam por apoio atrav\u00e9s de solicita\u00e7\u00e3o espont\u00e2nea ao CIA. As demandas iniciam atrav\u00e9s da manifesta\u00e7\u00e3o livre do estudante com defici\u00eancia ou NEE em querer tal suporte por parte da Equipe CIA\/UFPB.<\/p>\n\n\n\n<p id=\"block-c70e8a9e-447f-4491-b88d-6f3b15928ec5\">Acreditamos que, com a manuten\u00e7\u00e3o do\u00a0esp\u00edrito leve, sens\u00edvel e acolhedor\u00a0de nossa comunidade acad\u00eamica e com a renova\u00e7\u00e3o do nosso\u00a0compromisso institucional, construiremos juntos uma universidade ainda mais inclusiva e acess\u00edvel. <\/p>\n\n\n\n<p id=\"block-c70e8a9e-447f-4491-b88d-6f3b15928ec5\">Abaixo, alguns manuais norteadores importantes: <\/p>\n\n\n\n<p id=\"block-2fe2f51c-1cbb-4420-949f-ebc45cb885a1\"><a href=\"http:\/\/www.cchla.ufpb.br\/leani\/wp-content\/uploads\/sites\/122\/sites\/156\/2025\/10\/MANUAL-DO-ALUNO-ASSISTIDO-PELO-CIA_3.pdf\" target=\"_blank\" rel=\"noreferrer noopener\">Manual do aluno assistido pelo CIA<\/a><\/p>\n\n\n\n<p id=\"block-7ad5f62a-ffb5-4182-8bd2-e4d6cd8d1c5f\"><a href=\"http:\/\/www.cchla.ufpb.br\/leani\/wp-content\/uploads\/sites\/122\/sites\/156\/2025\/10\/ABORDAGEM-INCLUSIVA-PARA-ALUNOS-COM-DEFICIeNCIA_2.pdf\" target=\"_blank\" rel=\"noreferrer noopener\">Abordagem inclusiva para alunos com defici\u00eancia<\/a><\/p>\n\n\n\n<p id=\"block-b53dc70e-ed20-4cbc-91b6-0aa3a09f9ddc\"><a href=\"http:\/\/www.cchla.ufpb.br\/leani\/wp-content\/uploads\/sites\/122\/sites\/156\/2025\/10\/As-Rotas-Acessiveis-da-UFPB_2.pdf\" data-type=\"link\" data-id=\"http:\/\/www.cchla.ufpb.br\/leani\/wp-content\/uploads\/sites\/122\/sites\/156\/2025\/10\/As-Rotas-Acessiveis-da-UFPB_2.pdf\" target=\"_blank\" rel=\"noreferrer noopener\">Rotas acess\u00edveis<\/a><\/p>\n\n\n\n<p><a href=\"http:\/\/www.cchla.ufpb.br\/leani\/wp-content\/uploads\/sites\/122\/sites\/156\/2025\/10\/Como-solicitar-apoio-ao-CIA_4.pdf\" data-type=\"link\" data-id=\"http:\/\/www.cchla.ufpb.br\/leani\/wp-content\/uploads\/sites\/122\/sites\/156\/2025\/10\/Como-solicitar-apoio-ao-CIA_4.pdf\" target=\"_blank\" rel=\"noreferrer noopener\">Como solicitar apoio ao CIA<\/a><\/p>\n\n\n\n<p><a href=\"http:\/\/www.cchla.ufpb.br\/leani\/wp-content\/uploads\/sites\/122\/sites\/156\/2025\/10\/Identificacao-pelo-SIgaA-aos-alunos-com-NEE-1_1.pdf\" data-type=\"link\" data-id=\"http:\/\/www.cchla.ufpb.br\/leani\/wp-content\/uploads\/sites\/122\/sites\/156\/2025\/10\/Identificacao-pelo-SIgaA-aos-alunos-com-NEE-1_1.pdf\" target=\"_blank\" rel=\"noreferrer noopener\">Identifica\u00e7\u00e3o pelo-SIGAA de alunos com NEE<\/a><\/p>\n","protected":false},"excerpt":{"rendered":"<p>A inclus\u00e3o \u00e9 uma responsabilidade institucional compartilhada, e o sucesso da perman\u00eancia e do desenvolvimento acad\u00eamico de cada estudante \u00e9 um reflexo direto da sensibilidade, da proatividade e do acolhimento de toda a nossa comunidade. Em nosso contexto, a\u00a0Pol\u00edtica de Inclus\u00e3o e Acessibilidade da UFPB, estabelecida por Resolu\u00e7\u00e3o do CONSUNI, CONSEPE, e a atua\u00e7\u00e3o do\u00a0Comit\u00ea [&hellip;]<\/p>\n","protected":false},"author":101,"featured_media":0,"comment_status":"closed","ping_status":"open","sticky":false,"template":"","format":"standard","meta":{"footnotes":""},"categories":[1],"tags":[],"class_list":["post-493","post","type-post","status-publish","format-standard","hentry","category-noticias"],"_links":{"self":[{"href":"https:\/\/www.cchla.ufpb.br\/leani\/wp-json\/wp\/v2\/posts\/493","targetHints":{"allow":["GET"]}}],"collection":[{"href":"https:\/\/www.cchla.ufpb.br\/leani\/wp-json\/wp\/v2\/posts"}],"about":[{"href":"https:\/\/www.cchla.ufpb.br\/leani\/wp-json\/wp\/v2\/types\/post"}],"author":[{"embeddable":true,"href":"https:\/\/www.cchla.ufpb.br\/leani\/wp-json\/wp\/v2\/users\/101"}],"replies":[{"embeddable":true,"href":"https:\/\/www.cchla.ufpb.br\/leani\/wp-json\/wp\/v2\/comments?post=493"}],"version-history":[{"count":1,"href":"https:\/\/www.cchla.ufpb.br\/leani\/wp-json\/wp\/v2\/posts\/493\/revisions"}],"predecessor-version":[{"id":496,"href":"https:\/\/www.cchla.ufpb.br\/leani\/wp-json\/wp\/v2\/posts\/493\/revisions\/496"}],"wp:attachment":[{"href":"https:\/\/www.cchla.ufpb.br\/leani\/wp-json\/wp\/v2\/media?parent=493"}],"wp:term":[{"taxonomy":"category","embeddable":true,"href":"https:\/\/www.cchla.ufpb.br\/leani\/wp-json\/wp\/v2\/categories?post=493"},{"taxonomy":"post_tag","embeddable":true,"href":"https:\/\/www.cchla.ufpb.br\/leani\/wp-json\/wp\/v2\/tags?post=493"}],"curies":[{"name":"wp","href":"https:\/\/api.w.org\/{rel}","templated":true}]}}