{"id":1470,"date":"2025-07-28T14:43:05","date_gmt":"2025-07-28T17:43:05","guid":{"rendered":"https:\/\/www.cchla.ufpb.br\/libras\/?p=1470"},"modified":"2025-07-28T14:43:05","modified_gmt":"2025-07-28T17:43:05","slug":"calendario-2025-2-academico","status":"publish","type":"post","link":"https:\/\/www.cchla.ufpb.br\/libras\/calendario-2025-2-academico\/","title":{"rendered":"Calend\u00e1rio 2025.2 &#8211; ACAD\u00caMICO"},"content":{"rendered":"\n<figure class=\"wp-block-image size-large\"><a href=\"https:\/\/www.cchla.ufpb.br\/libras\/wp-content\/uploads\/2025\/07\/imagem-calendario.png\"><img loading=\"lazy\" decoding=\"async\" width=\"683\" height=\"1024\" src=\"https:\/\/www.cchla.ufpb.br\/libras\/wp-content\/uploads\/2025\/07\/imagem-calendario-683x1024.png\" alt=\"\" class=\"wp-image-1472\" srcset=\"https:\/\/www.cchla.ufpb.br\/libras\/wp-content\/uploads\/2025\/07\/imagem-calendario-683x1024.png 683w, https:\/\/www.cchla.ufpb.br\/libras\/wp-content\/uploads\/2025\/07\/imagem-calendario-200x300.png 200w, https:\/\/www.cchla.ufpb.br\/libras\/wp-content\/uploads\/2025\/07\/imagem-calendario-768x1152.png 768w, https:\/\/www.cchla.ufpb.br\/libras\/wp-content\/uploads\/2025\/07\/imagem-calendario.png 1024w\" sizes=\"(max-width: 683px) 100vw, 683px\" \/><\/a><\/figure>\n\n\n\n<p>Segue o calend\u00e1rio acad\u00eamico do per\u00edodo 2025.2 com as altera\u00e7\u00f5es e adapta\u00e7\u00f5es feitas pela Coordena\u00e7\u00e3o do Curso de Letras Libras EaD.<\/p>\n\n\n\n<div data-wp-interactive=\"core\/file\" class=\"wp-block-file\"><object data-wp-bind--hidden=\"!state.hasPdfPreview\"  class=\"wp-block-file__embed\" data=\"https:\/\/www.cchla.ufpb.br\/libras\/wp-content\/uploads\/2025\/07\/calendario2.pdf\" type=\"application\/pdf\" style=\"width:100%;height:600px\" aria-label=\"Incorporado de calenda\u0301rio2.\"><\/object><a id=\"wp-block-file--media-7c6835aa-4d6d-4588-9f9b-cededd6e1602\" href=\"https:\/\/www.cchla.ufpb.br\/libras\/wp-content\/uploads\/2025\/07\/calendario2.pdf\">calenda\u0301rio2<\/a><a href=\"https:\/\/www.cchla.ufpb.br\/libras\/wp-content\/uploads\/2025\/07\/calendario2.pdf\" class=\"wp-block-file__button wp-element-button\" download aria-describedby=\"wp-block-file--media-7c6835aa-4d6d-4588-9f9b-cededd6e1602\">Baixar<\/a><\/div>\n","protected":false},"excerpt":{"rendered":"<p>Segue o calend\u00e1rio acad\u00eamico do per\u00edodo 2025.2 com as altera\u00e7\u00f5es e adapta\u00e7\u00f5es feitas pela Coordena\u00e7\u00e3o do Curso de Letras Libras EaD.<\/p>\n","protected":false},"author":4,"featured_media":0,"comment_status":"closed","ping_status":"open","sticky":true,"template":"","format":"standard","meta":{"footnotes":""},"categories":[10],"tags":[23,22,16,24,18],"class_list":["post-1470","post","type-post","status-publish","format-standard","hentry","category-academico","tag-eadufpb","tag-ensinoadistancia","tag-letras-ufpb","tag-letraslibras","tag-librasufpb"],"_links":{"self":[{"href":"https:\/\/www.cchla.ufpb.br\/libras\/wp-json\/wp\/v2\/posts\/1470"}],"collection":[{"href":"https:\/\/www.cchla.ufpb.br\/libras\/wp-json\/wp\/v2\/posts"}],"about":[{"href":"https:\/\/www.cchla.ufpb.br\/libras\/wp-json\/wp\/v2\/types\/post"}],"author":[{"embeddable":true,"href":"https:\/\/www.cchla.ufpb.br\/libras\/wp-json\/wp\/v2\/users\/4"}],"replies":[{"embeddable":true,"href":"https:\/\/www.cchla.ufpb.br\/libras\/wp-json\/wp\/v2\/comments?post=1470"}],"version-history":[{"count":1,"href":"https:\/\/www.cchla.ufpb.br\/libras\/wp-json\/wp\/v2\/posts\/1470\/revisions"}],"predecessor-version":[{"id":1473,"href":"https:\/\/www.cchla.ufpb.br\/libras\/wp-json\/wp\/v2\/posts\/1470\/revisions\/1473"}],"wp:attachment":[{"href":"https:\/\/www.cchla.ufpb.br\/libras\/wp-json\/wp\/v2\/media?parent=1470"}],"wp:term":[{"taxonomy":"category","embeddable":true,"href":"https:\/\/www.cchla.ufpb.br\/libras\/wp-json\/wp\/v2\/categories?post=1470"},{"taxonomy":"post_tag","embeddable":true,"href":"https:\/\/www.cchla.ufpb.br\/libras\/wp-json\/wp\/v2\/tags?post=1470"}],"curies":[{"name":"wp","href":"https:\/\/api.w.org\/{rel}","templated":true}]}}