{"id":396,"date":"2026-08-13T14:36:30","date_gmt":"2026-08-13T14:36:30","guid":{"rendered":"https:\/\/www.cchla.ufpb.br\/mppsicli\/?p=396"},"modified":"2026-08-13T14:45:45","modified_gmt":"2026-08-13T14:45:45","slug":"calendario-2026-2","status":"publish","type":"post","link":"https:\/\/www.cchla.ufpb.br\/mppsicli\/noticias\/calendario-2026-2\/","title":{"rendered":"CALEND\u00c1RIO 2026.2"},"content":{"rendered":"\n<p class=\"wp-block-paragraph\">O Mestrado Profissional em Psicologia Cl\u00ednica (MPPSICLI\/UFPB) divulga o&nbsp;<strong>Calend\u00e1rio Acad\u00eamico referente ao per\u00edodo 2026.2<\/strong>.<\/p>\n\n\n\n<p class=\"wp-block-paragraph\">As matr\u00edculas dos(as) discentes veteranos(as) ocorrer\u00e3o de&nbsp;<strong>17 a 21 de agosto de 2026<\/strong>, via SIGAA. Para a turma ingressante, as matr\u00edculas ser\u00e3o realizadas&nbsp;<strong>presencialmente,<\/strong>&nbsp;na Secretaria do MPPSICLI<strong>, de 24 a 28 de agosto de 2026 (8h \u00e0s 12h)<\/strong>.&nbsp;<\/p>\n\n\n\n<p class=\"wp-block-paragraph\">O calend\u00e1rio completo, com as disciplinas, docentes, hor\u00e1rios e datas das aulas, est\u00e1 dispon\u00edvel no documento abaixo.<\/p>\n\n\n\n<div class=\"wp-block-file\"><a id=\"wp-block-file--media-4b8958cc-e721-4598-9e57-d58e00b83c50\" href=\"https:\/\/www.cchla.ufpb.br\/mppsicli\/wp-content\/uploads\/sites\/122\/sites\/219\/2026\/08\/CALENDARIO_2026_2_MPPSICLI-1.pdf\">CALENDARIO_2026_2_MPPSICLI<\/a><a href=\"https:\/\/www.cchla.ufpb.br\/mppsicli\/wp-content\/uploads\/sites\/122\/sites\/219\/2026\/08\/CALENDARIO_2026_2_MPPSICLI-1.pdf\" class=\"wp-block-file__button wp-element-button\" download aria-describedby=\"wp-block-file--media-4b8958cc-e721-4598-9e57-d58e00b83c50\">Baixar<\/a><\/div>\n","protected":false},"excerpt":{"rendered":"<p>O Mestrado Profissional em Psicologia Cl\u00ednica (MPPSICLI\/UFPB) divulga o&nbsp;Calend\u00e1rio Acad\u00eamico referente ao per\u00edodo 2026.2. As matr\u00edculas dos(as) discentes veteranos(as) ocorrer\u00e3o de&nbsp;17 a 21 de agosto de 2026, via SIGAA. Para a turma ingressante, as matr\u00edculas ser\u00e3o realizadas&nbsp;presencialmente,&nbsp;na Secretaria do MPPSICLI, de 24 a 28 de agosto de 2026 (8h \u00e0s 12h).&nbsp; O calend\u00e1rio completo, com [&hellip;]<\/p>\n","protected":false},"author":158,"featured_media":0,"comment_status":"open","ping_status":"open","sticky":false,"template":"","format":"standard","meta":{"footnotes":""},"categories":[3],"tags":[],"class_list":["post-396","post","type-post","status-publish","format-standard","hentry","category-noticias"],"_links":{"self":[{"href":"https:\/\/www.cchla.ufpb.br\/mppsicli\/wp-json\/wp\/v2\/posts\/396","targetHints":{"allow":["GET"]}}],"collection":[{"href":"https:\/\/www.cchla.ufpb.br\/mppsicli\/wp-json\/wp\/v2\/posts"}],"about":[{"href":"https:\/\/www.cchla.ufpb.br\/mppsicli\/wp-json\/wp\/v2\/types\/post"}],"author":[{"embeddable":true,"href":"https:\/\/www.cchla.ufpb.br\/mppsicli\/wp-json\/wp\/v2\/users\/158"}],"replies":[{"embeddable":true,"href":"https:\/\/www.cchla.ufpb.br\/mppsicli\/wp-json\/wp\/v2\/comments?post=396"}],"version-history":[{"count":2,"href":"https:\/\/www.cchla.ufpb.br\/mppsicli\/wp-json\/wp\/v2\/posts\/396\/revisions"}],"predecessor-version":[{"id":400,"href":"https:\/\/www.cchla.ufpb.br\/mppsicli\/wp-json\/wp\/v2\/posts\/396\/revisions\/400"}],"wp:attachment":[{"href":"https:\/\/www.cchla.ufpb.br\/mppsicli\/wp-json\/wp\/v2\/media?parent=396"}],"wp:term":[{"taxonomy":"category","embeddable":true,"href":"https:\/\/www.cchla.ufpb.br\/mppsicli\/wp-json\/wp\/v2\/categories?post=396"},{"taxonomy":"post_tag","embeddable":true,"href":"https:\/\/www.cchla.ufpb.br\/mppsicli\/wp-json\/wp\/v2\/tags?post=396"}],"curies":[{"name":"wp","href":"https:\/\/api.w.org\/{rel}","templated":true}]}}