{"id":2241,"date":"2020-06-10T23:18:48","date_gmt":"2020-06-10T23:18:48","guid":{"rendered":"http:\/\/www.cchla.ufpb.br\/ppgnec\/?p=2241"},"modified":"2020-06-10T23:18:48","modified_gmt":"2020-06-10T23:18:48","slug":"horarios-disciplinas-2020-1","status":"publish","type":"post","link":"https:\/\/www.cchla.ufpb.br\/ppgnec\/horarios-disciplinas-2020-1\/","title":{"rendered":"HOR\u00c1RIOS &#8211; DISCIPLINAS 2020.1"},"content":{"rendered":"\n<p> O Programa de P\u00f3s-gradua\u00e7\u00e3o em Neuroci\u00eancia Cognitiva e Comportamento informa a grade de hor\u00e1rios para o per\u00edodo letivo 2020.1, conforme segue abaixo:<\/p>\n\n\n\n<table class=\"wp-block-table\"><tbody><tr><td><strong>HOR\u00c1RIOS &#8211; DISCIPLINAS 2020.1<\/strong><br><\/td><\/tr><\/tbody><\/table>\n\n\n\n<p><strong>SEGUNDA-FEIRA<\/strong><\/p>\n\n\n\n<p><strong>T\u00d3PICOS ESPECIAIS EM NEUROCI\u00caNCIA I<\/strong><\/p>\n\n\n\n<p>(EEG &#8211;\nT\u00e9cnicas, aplica\u00e7\u00f5es e pesquisa)<\/p>\n\n\n\n<p>IN\u00cdCIO:\n22\/06\/2020<\/p>\n\n\n\n<p>HOR\u00c1RIO:\n14:00 \u00c0S 17:00<\/p>\n\n\n\n<p>LEANDRO SAUER<\/p>\n\n\n\n<p><strong>TER\u00c7A-FEIRA<\/strong><\/p>\n\n\n\n<p><strong>T\u00d3PICOS ESPECIAIS EM NEUROCI\u00caNCIA II<\/strong><\/p>\n\n\n\n<p>(ASPECTOS DO\nNEURODESENVOLVIMENTO RELACIONADOS A NEUROBIOLOGIA DOS TRANSTORNOS\nMENTAIS)<\/p>\n\n\n\n<p>IN\u00cdCIO:\n30\/06\/2020<\/p>\n\n\n\n<p>HOR\u00c1RIO:\n09:30 \u00c0S 11:30<\/p>\n\n\n\n<p>YWLLIANE<\/p>\n\n\n\n<p><strong> SEMIN\u00c1RIO DE PESQUISA EM NEUROCI\u00caNCIA I<\/strong><\/p>\n\n\n\n<p>(Science\nMeeting)<\/p>\n\n\n\n<p>IN\u00cdCIO:\n22\/06\/2020<\/p>\n\n\n\n<p>HOR\u00c1RIO:\n14:00 \u00c0S 17:00 \n<\/p>\n\n\n\n<p>CARLA\/MIRIAN\/MELYSSA<\/p>\n\n\n\n<p><strong>QUARTA-FEIRA<\/strong><\/p>\n\n\n\n<p><strong>M\u00c9TODOS E T\u00c9CNICAS DE PESQUISA  <\/strong><\/p>\n\n\n\n<p>IN\u00cdCIO:\n01\/07\/2020<\/p>\n\n\n\n<p>HOR\u00c1RIO:\n15:00 \u00c0S 18:00<\/p>\n\n\n\n<p>ANNA ALICE<\/p>\n\n\n\n<p><strong>QUINTA-FEIRA<\/strong><\/p>\n\n\n\n<p><strong>T\u00d3PICOS ESPECIAIS EM NEUROCI\u00caNCIA II<\/strong><\/p>\n\n\n\n<p>(ASPECTOS DO\nNEURODESENVOLVIMENTO RELACIONADOS A NEUROBIOLOGIA DOS TRANSTORNOS\nMENTAIS)<\/p>\n\n\n\n<p>IN\u00cdCIO:\n30\/06\/2020<\/p>\n\n\n\n<p>HOR\u00c1RIO: 09:30 \u00c1S 11:30<\/p>\n\n\n\n<p>YWLLIANE<\/p>\n\n\n\n<p><strong>T\u00d3PICOS AVAN\u00c7ADOS EM NEUROCI\u00caNCIA II<\/strong><\/p>\n\n\n\n<p>(Avalia\u00e7\u00e3o\nMultidisciplinar de Pacientes com Zumbido)<\/p>\n\n\n\n<p>IN\u00cdCIO:\n18\/06\/2020<\/p>\n\n\n\n<p>HOR\u00c1RIO:\n14:00 \u00c0S 18:00<\/p>\n\n\n\n<p>MARINE<\/p>\n\n\n\n<p><strong>SEXTA-FEIRA<\/strong><\/p>\n\n\n\n<p><strong>SEMIN\u00c1RIO DE PESQUISA EM NEUROCI\u00caNCIA III<\/strong><\/p>\n\n\n\n<p>IN\u00cdCIO:\n22\/06\/2020<\/p>\n\n\n\n<p>HOR\u00c1RIO:\n14:00 \u00c0S 17:00<\/p>\n\n\n\n<p>NELSON\/MIRIAN\/LEANDRO RIBEIRO<\/p>\n\n\n\n<p><\/p>\n\n\n\n<p><\/p>\n\n\n\n<p><\/p>\n\n\n\n<p><\/p>\n\n\n\n<p><\/p>\n","protected":false},"excerpt":{"rendered":"<p>O Programa de P\u00f3s-gradua\u00e7\u00e3o em Neuroci\u00eancia Cognitiva e Comportamento informa a grade de hor\u00e1rios para o per\u00edodo letivo 2020.1, conforme segue abaixo: HOR\u00c1RIOS &#8211; DISCIPLINAS 2020.1 SEGUNDA-FEIRA T\u00d3PICOS ESPECIAIS EM NEUROCI\u00caNCIA I (EEG &#8211; T\u00e9cnicas, aplica\u00e7\u00f5es e pesquisa) IN\u00cdCIO: 22\/06\/2020 HOR\u00c1RIO: 14:00 \u00c0S 17:00 LEANDRO SAUER TER\u00c7A-FEIRA T\u00d3PICOS ESPECIAIS EM NEUROCI\u00caNCIA II (ASPECTOS DO NEURODESENVOLVIMENTO &#8230; <a title=\"HOR\u00c1RIOS &#8211; DISCIPLINAS 2020.1\" class=\"read-more\" href=\"https:\/\/www.cchla.ufpb.br\/ppgnec\/horarios-disciplinas-2020-1\/\" aria-label=\"More on HOR\u00c1RIOS &#8211; DISCIPLINAS 2020.1\">Ler mais<\/a><\/p>\n","protected":false},"author":13,"featured_media":0,"comment_status":"closed","ping_status":"open","sticky":false,"template":"","format":"standard","meta":[],"categories":[1],"tags":[],"_links":{"self":[{"href":"https:\/\/www.cchla.ufpb.br\/ppgnec\/wp-json\/wp\/v2\/posts\/2241"}],"collection":[{"href":"https:\/\/www.cchla.ufpb.br\/ppgnec\/wp-json\/wp\/v2\/posts"}],"about":[{"href":"https:\/\/www.cchla.ufpb.br\/ppgnec\/wp-json\/wp\/v2\/types\/post"}],"author":[{"embeddable":true,"href":"https:\/\/www.cchla.ufpb.br\/ppgnec\/wp-json\/wp\/v2\/users\/13"}],"replies":[{"embeddable":true,"href":"https:\/\/www.cchla.ufpb.br\/ppgnec\/wp-json\/wp\/v2\/comments?post=2241"}],"version-history":[{"count":5,"href":"https:\/\/www.cchla.ufpb.br\/ppgnec\/wp-json\/wp\/v2\/posts\/2241\/revisions"}],"predecessor-version":[{"id":2246,"href":"https:\/\/www.cchla.ufpb.br\/ppgnec\/wp-json\/wp\/v2\/posts\/2241\/revisions\/2246"}],"wp:attachment":[{"href":"https:\/\/www.cchla.ufpb.br\/ppgnec\/wp-json\/wp\/v2\/media?parent=2241"}],"wp:term":[{"taxonomy":"category","embeddable":true,"href":"https:\/\/www.cchla.ufpb.br\/ppgnec\/wp-json\/wp\/v2\/categories?post=2241"},{"taxonomy":"post_tag","embeddable":true,"href":"https:\/\/www.cchla.ufpb.br\/ppgnec\/wp-json\/wp\/v2\/tags?post=2241"}],"curies":[{"name":"wp","href":"https:\/\/api.w.org\/{rel}","templated":true}]}}