{"id":3009,"date":"2022-11-22T17:03:46","date_gmt":"2022-11-22T17:03:46","guid":{"rendered":"https:\/\/www.cchla.ufpb.br\/ppgnec\/?p=3009"},"modified":"2022-11-22T17:03:46","modified_gmt":"2022-11-22T17:03:46","slug":"defesa-de-mestrado","status":"publish","type":"post","link":"https:\/\/www.cchla.ufpb.br\/ppgnec\/defesa-de-mestrado\/","title":{"rendered":"Defesa de mestrado"},"content":{"rendered":"\n<p>O Programa de P\u00f3s-gradua\u00e7\u00e3o em Neuroci\u00eancia Cognitiva e Comportamento informa sobre a defesa de disserta\u00e7\u00e3o abaixo:<\/p>\n\n\n\n<p>MESTRANDA: DANIELE CARVALHAL DE ALMEIDA<\/p>\n\n\n\n<p>ORIENTADORA: DRA. LIANA CL\u00c9BIA DE MORAIS PORDEUS<\/p>\n\n\n\n<p>PESQUISA:&nbsp;<\/p>\n\n\n\n<p><strong>Avalia\u00e7\u00e3o de sintomatologia depressiva e d\u00e9ficit cognitivo em pacientes p\u00f3s alta hospitalar por COVID-19 e a sua correla\u00e7\u00e3o com biomarcadores hematol\u00f3gicos, hormonais e inflamat\u00f3rios<\/strong><\/p>\n\n\n\n<p>BANCA EXAMINADORA<\/p>\n\n\n\n<p>ORIENTADORA: DRA. LIANA CL\u00c9BIA DE MORAIS PORDEUS (PPGNEC\/UFPB)<\/p>\n\n\n\n<p>MEMBRO INTERNO: DRA. GICIANE CARVALHO VIEIRA (PPGNEC\/UFPB)<\/p>\n\n\n\n<p>MEMBRO EXTERNO: DRA. ESTHER BASTOS PALITOT (UFPB)<\/p>\n\n\n\n<p>DATA: 23\/11\/2022<\/p>\n\n\n\n<p>HOR\u00c1RIO: 8 H&nbsp;<\/p>\n\n\n\n<p>LINK:&nbsp;<\/p>\n\n\n\n<p><a href=\"https:\/\/meet.google.com\/bst-zpkt-mrv\">https:\/\/meet.google.com\/bst-zpkt-mrv<\/a><\/p>\n\n\n\n<p><\/p>\n","protected":false},"excerpt":{"rendered":"<p>O Programa de P\u00f3s-gradua\u00e7\u00e3o em Neuroci\u00eancia Cognitiva e Comportamento informa sobre a defesa de disserta\u00e7\u00e3o abaixo: MESTRANDA: DANIELE CARVALHAL DE ALMEIDA ORIENTADORA: DRA. LIANA CL\u00c9BIA DE MORAIS PORDEUS PESQUISA:&nbsp; Avalia\u00e7\u00e3o de sintomatologia depressiva e d\u00e9ficit cognitivo em pacientes p\u00f3s alta hospitalar por COVID-19 e a sua correla\u00e7\u00e3o com biomarcadores hematol\u00f3gicos, hormonais e inflamat\u00f3rios BANCA EXAMINADORA &#8230; <a title=\"Defesa de mestrado\" class=\"read-more\" href=\"https:\/\/www.cchla.ufpb.br\/ppgnec\/defesa-de-mestrado\/\" aria-label=\"More on Defesa de mestrado\">Ler mais<\/a><\/p>\n","protected":false},"author":13,"featured_media":0,"comment_status":"closed","ping_status":"open","sticky":false,"template":"","format":"standard","meta":[],"categories":[1],"tags":[],"_links":{"self":[{"href":"https:\/\/www.cchla.ufpb.br\/ppgnec\/wp-json\/wp\/v2\/posts\/3009"}],"collection":[{"href":"https:\/\/www.cchla.ufpb.br\/ppgnec\/wp-json\/wp\/v2\/posts"}],"about":[{"href":"https:\/\/www.cchla.ufpb.br\/ppgnec\/wp-json\/wp\/v2\/types\/post"}],"author":[{"embeddable":true,"href":"https:\/\/www.cchla.ufpb.br\/ppgnec\/wp-json\/wp\/v2\/users\/13"}],"replies":[{"embeddable":true,"href":"https:\/\/www.cchla.ufpb.br\/ppgnec\/wp-json\/wp\/v2\/comments?post=3009"}],"version-history":[{"count":1,"href":"https:\/\/www.cchla.ufpb.br\/ppgnec\/wp-json\/wp\/v2\/posts\/3009\/revisions"}],"predecessor-version":[{"id":3010,"href":"https:\/\/www.cchla.ufpb.br\/ppgnec\/wp-json\/wp\/v2\/posts\/3009\/revisions\/3010"}],"wp:attachment":[{"href":"https:\/\/www.cchla.ufpb.br\/ppgnec\/wp-json\/wp\/v2\/media?parent=3009"}],"wp:term":[{"taxonomy":"category","embeddable":true,"href":"https:\/\/www.cchla.ufpb.br\/ppgnec\/wp-json\/wp\/v2\/categories?post=3009"},{"taxonomy":"post_tag","embeddable":true,"href":"https:\/\/www.cchla.ufpb.br\/ppgnec\/wp-json\/wp\/v2\/tags?post=3009"}],"curies":[{"name":"wp","href":"https:\/\/api.w.org\/{rel}","templated":true}]}}