{"id":3657,"date":"2025-05-06T18:55:35","date_gmt":"2025-05-06T18:55:35","guid":{"rendered":"https:\/\/www.cchla.ufpb.br\/ppgnec\/?p=3657"},"modified":"2025-05-06T18:55:36","modified_gmt":"2025-05-06T18:55:36","slug":"resultado-da-avaliacao-da-defesa-do-projeto-selecao-de-doutorado-2025","status":"publish","type":"post","link":"https:\/\/www.cchla.ufpb.br\/ppgnec\/resultado-da-avaliacao-da-defesa-do-projeto-selecao-de-doutorado-2025\/","title":{"rendered":"RESULTADO DA AVALIA\u00c7\u00c3O DA DEFESA DO PROJETO &#8211; SELE\u00c7\u00c3O DE DOUTORADO 2025"},"content":{"rendered":"\n<p>O Programa de P\u00f3s-gradua\u00e7\u00e3o em Neuroci\u00eancia Cognitiva e Comportamento publica o resultado da avalia\u00e7\u00e3o da defesa do projeto referente ao edital de processo seletivo de doutorado 2025.\u00a0<\/p>\n\n\n\n<p>LINK DE ACESSO AO DOCUMENTO: <\/p>\n\n\n\n<p><a href=\"https:\/\/sig-arq.ufpb.br\/arquivos\/20252020664d0e7554512f2d216487d4d\/RESULTADO_DEFESA_PROJETO.pdf\">https:\/\/sig-arq.ufpb.br\/arquivos\/20252020664d0e7554512f2d216487d4d\/RESULTADO_DEFESA_PROJETO.pdf<\/a><\/p>\n","protected":false},"excerpt":{"rendered":"<p>O Programa de P\u00f3s-gradua\u00e7\u00e3o em Neuroci\u00eancia Cognitiva e Comportamento publica o resultado da avalia\u00e7\u00e3o da defesa do projeto referente ao edital de processo seletivo de doutorado 2025.\u00a0 LINK DE ACESSO AO DOCUMENTO: https:\/\/sig-arq.ufpb.br\/arquivos\/20252020664d0e7554512f2d216487d4d\/RESULTADO_DEFESA_PROJETO.pdf<\/p>\n","protected":false},"author":13,"featured_media":0,"comment_status":"closed","ping_status":"open","sticky":false,"template":"","format":"standard","meta":[],"categories":[1],"tags":[],"_links":{"self":[{"href":"https:\/\/www.cchla.ufpb.br\/ppgnec\/wp-json\/wp\/v2\/posts\/3657"}],"collection":[{"href":"https:\/\/www.cchla.ufpb.br\/ppgnec\/wp-json\/wp\/v2\/posts"}],"about":[{"href":"https:\/\/www.cchla.ufpb.br\/ppgnec\/wp-json\/wp\/v2\/types\/post"}],"author":[{"embeddable":true,"href":"https:\/\/www.cchla.ufpb.br\/ppgnec\/wp-json\/wp\/v2\/users\/13"}],"replies":[{"embeddable":true,"href":"https:\/\/www.cchla.ufpb.br\/ppgnec\/wp-json\/wp\/v2\/comments?post=3657"}],"version-history":[{"count":1,"href":"https:\/\/www.cchla.ufpb.br\/ppgnec\/wp-json\/wp\/v2\/posts\/3657\/revisions"}],"predecessor-version":[{"id":3658,"href":"https:\/\/www.cchla.ufpb.br\/ppgnec\/wp-json\/wp\/v2\/posts\/3657\/revisions\/3658"}],"wp:attachment":[{"href":"https:\/\/www.cchla.ufpb.br\/ppgnec\/wp-json\/wp\/v2\/media?parent=3657"}],"wp:term":[{"taxonomy":"category","embeddable":true,"href":"https:\/\/www.cchla.ufpb.br\/ppgnec\/wp-json\/wp\/v2\/categories?post=3657"},{"taxonomy":"post_tag","embeddable":true,"href":"https:\/\/www.cchla.ufpb.br\/ppgnec\/wp-json\/wp\/v2\/tags?post=3657"}],"curies":[{"name":"wp","href":"https:\/\/api.w.org\/{rel}","templated":true}]}}