{"id":3714,"date":"2025-07-16T14:59:00","date_gmt":"2025-07-16T14:59:00","guid":{"rendered":"https:\/\/www.cchla.ufpb.br\/ppgnec\/?p=3714"},"modified":"2025-07-16T14:59:00","modified_gmt":"2025-07-16T14:59:00","slug":"divulgacao-do-resultado-da-consulta-eleitoral-referente-a-escolha-doa-coordenadora-e-vice-coordenadora-do-ppgnec","status":"publish","type":"post","link":"https:\/\/www.cchla.ufpb.br\/ppgnec\/divulgacao-do-resultado-da-consulta-eleitoral-referente-a-escolha-doa-coordenadora-e-vice-coordenadora-do-ppgnec\/","title":{"rendered":"Divulga\u00e7\u00e3o do resultado da consulta eleitoral referente \u00e0 escolha do(a) coordenador(a) e vice-coordenador(a) do PPGNeC"},"content":{"rendered":"\n<p>A Comiss\u00e3o eleitoral do processo de consulta referente \u00e0 escolha do(a) coordenador(a) e vice-coordenador(a) do Programa de P\u00f3s-gradua\u00e7\u00e3o em Neuroci\u00eancia Cognitiva e Comportamento, no uso de suas atribui\u00e7\u00f5es, torna p\u00fablico o resultado da consulta eleitoral.\u00a0<\/p>\n\n\n\n<p>LINK DE ACESSO AO DOCUMENTO: <\/p>\n\n\n\n<p><a href=\"https:\/\/sig-arq.ufpb.br\/arquivos\/2025126011dc557771170765b43e2c758\/Resultado_-_consulta_eleitoral_PPGNeC.pdf\">https:\/\/sig-arq.ufpb.br\/arquivos\/2025126011dc557771170765b43e2c758\/Resultado_-_consulta_eleitoral_PPGNeC.pdf<\/a><\/p>\n","protected":false},"excerpt":{"rendered":"<p>A Comiss\u00e3o eleitoral do processo de consulta referente \u00e0 escolha do(a) coordenador(a) e vice-coordenador(a) do Programa de P\u00f3s-gradua\u00e7\u00e3o em Neuroci\u00eancia Cognitiva e Comportamento, no uso de suas atribui\u00e7\u00f5es, torna p\u00fablico o resultado da consulta eleitoral.\u00a0 LINK DE ACESSO AO DOCUMENTO: https:\/\/sig-arq.ufpb.br\/arquivos\/2025126011dc557771170765b43e2c758\/Resultado_-_consulta_eleitoral_PPGNeC.pdf<\/p>\n","protected":false},"author":13,"featured_media":0,"comment_status":"closed","ping_status":"open","sticky":false,"template":"","format":"standard","meta":[],"categories":[1],"tags":[],"_links":{"self":[{"href":"https:\/\/www.cchla.ufpb.br\/ppgnec\/wp-json\/wp\/v2\/posts\/3714"}],"collection":[{"href":"https:\/\/www.cchla.ufpb.br\/ppgnec\/wp-json\/wp\/v2\/posts"}],"about":[{"href":"https:\/\/www.cchla.ufpb.br\/ppgnec\/wp-json\/wp\/v2\/types\/post"}],"author":[{"embeddable":true,"href":"https:\/\/www.cchla.ufpb.br\/ppgnec\/wp-json\/wp\/v2\/users\/13"}],"replies":[{"embeddable":true,"href":"https:\/\/www.cchla.ufpb.br\/ppgnec\/wp-json\/wp\/v2\/comments?post=3714"}],"version-history":[{"count":1,"href":"https:\/\/www.cchla.ufpb.br\/ppgnec\/wp-json\/wp\/v2\/posts\/3714\/revisions"}],"predecessor-version":[{"id":3715,"href":"https:\/\/www.cchla.ufpb.br\/ppgnec\/wp-json\/wp\/v2\/posts\/3714\/revisions\/3715"}],"wp:attachment":[{"href":"https:\/\/www.cchla.ufpb.br\/ppgnec\/wp-json\/wp\/v2\/media?parent=3714"}],"wp:term":[{"taxonomy":"category","embeddable":true,"href":"https:\/\/www.cchla.ufpb.br\/ppgnec\/wp-json\/wp\/v2\/categories?post=3714"},{"taxonomy":"post_tag","embeddable":true,"href":"https:\/\/www.cchla.ufpb.br\/ppgnec\/wp-json\/wp\/v2\/tags?post=3714"}],"curies":[{"name":"wp","href":"https:\/\/api.w.org\/{rel}","templated":true}]}}