{"id":1635,"date":"2024-07-15T17:24:30","date_gmt":"2024-07-15T20:24:30","guid":{"rendered":"https:\/\/www.cchla.ufpb.br\/proling\/?p=1635"},"modified":"2025-02-17T09:16:20","modified_gmt":"2025-02-17T12:16:20","slug":"ii-coloquio-em-semantica","status":"publish","type":"post","link":"https:\/\/www.cchla.ufpb.br\/proling\/noticia\/ii-coloquio-em-semantica\/","title":{"rendered":"II Col\u00f3quio em Sem\u00e2ntica"},"content":{"rendered":"\n<h2 class=\"wp-block-heading\">Evento promovido pela linha de pesquisa Sem\u00e2ntica, Gram\u00e1tica e Cogni\u00e7\u00e3o do PROLING est\u00e1 com submiss\u00e3o de trabalhos aberta.<\/h2>\n\n\n\n<p>O <strong>II Col\u00f3quio de Sem\u00e2ntica <\/strong>\u00e9 um evento nacional e ser\u00e1 realizado presencialmente na Universidade Federal da Para\u00edba (UFPB) em Jo\u00e3o Pessoa em parceria com a Associa\u00e7\u00e3o Brasileira de Lingu\u00edstica (ABRALIN), entre os dias 12 e 14 de novembro de 2024. O evento tem por objetivo reunir pesquisadores nacionais e internacionais da \u00e1rea de Sem\u00e2ntica para apresentar e debater as pesquisas e os avan\u00e7os mais recentes da \u00e1rea.&nbsp; Para isso, ser\u00e3o realizadas confer\u00eancias, mesas-redondas, minicursos, comunica\u00e7\u00f5es orais e sess\u00f5es de posters.<\/p>\n\n\n\n<p>Dada a complexidade dos temas e dos objetos de pesquisa que envolvem a sem\u00e2ntica, o evento oferecer\u00e1 contribui\u00e7\u00f5es significativas para o desenvolvimento cient\u00edfico, n\u00e3o s\u00f3 em Lingu\u00edstica, mas tamb\u00e9m em \u00e1reas conexas, como as Ci\u00eancias Cognitivas, a Ci\u00eancia da Computa\u00e7\u00e3o e Intelig\u00eancia Artificial, as Ci\u00eancias da Comunica\u00e7\u00e3o, a Educa\u00e7\u00e3o e as Ci\u00eancias Sociais Aplicadas etc.<\/p>\n\n\n\n<p><a rel=\"noreferrer noopener\" href=\"https:\/\/drive.google.com\/file\/d\/1U0czT4ACko8Dwek1BcfGsGrZxrtVDKNK\/view?usp=sharing\" target=\"_blank\"><strong>Leia aqui a segunda Circular do evento.<\/strong><\/a><\/p>\n\n\n\n<p><strong><a rel=\"noreferrer noopener\" href=\"https:\/\/drive.google.com\/file\/d\/163fzJZPibbTl2BvaNucdewhwIpXiq-zt\/view?usp=sharing\" target=\"_blank\">Leia aqui a primeira Circular do evento.<\/a><\/strong><\/p>\n\n\n\n<p><\/p>\n\n\n\n<p class=\"has-text-align-center\"><strong>Realiza\u00e7\u00e3o:<\/strong><\/p>\n\n\n\n<figure class=\"extendedwopts-md-center wp-block-image is-resized\"><img decoding=\"async\" src=\"https:\/\/even3.blob.core.windows.net\/pagina-evento\/logoproling1100x440.f29dedf9a3e540b69edb.png\" alt=\"\" style=\"width:155px;height:auto\"\/><\/figure>\n\n\n\n<figure class=\"extendedwopts-md-center wp-block-image is-resized\"><img decoding=\"async\" src=\"https:\/\/even3.blob.core.windows.net\/pagina-evento\/logoufpb.1988e9bccb084b46af61.png\" alt=\"\" style=\"width:155px\"\/><\/figure>\n\n\n\n<p><\/p>\n\n\n\n<p class=\"has-text-align-center\"><strong>Apoio:<\/strong><\/p>\n\n\n\n<p><\/p>\n\n\n\n<figure class=\"extendedwopts-md-center wp-block-image is-resized\"><a href=\"https:\/\/abralin.org\/\"><img decoding=\"async\" src=\"https:\/\/lh7-us.googleusercontent.com\/docsz\/AD_4nXeqsHlf8ROBOzF8rlUK6ign0jpbs7RMuUdQmJNdwSZMTKsez-0EU2j6R3lM4CzpWk_lUNN3qCGDiK8vzOyZjcP0uecYiAWX9XK8FpVIR4ATZDdeZfASc3fTbBShWE8Me6bx-YP-IErSGkE8_FPLE6-xbGVTu2Z6c30AdM0rWQ?key=2gqjn6DHONppAjYzIsK-8w\" alt=\"\" style=\"width:155px\"\/><\/a><\/figure>\n\n\n\n<figure class=\"extendedwopts-md-center wp-block-image is-resized\"><a href=\"https:\/\/abralin.org\/en\/home-page\"><img decoding=\"async\" src=\"https:\/\/abralin.org\/wp-content\/themes\/abralin_institucional-1\/img\/logo.svg\" alt=\"Logo\" style=\"width:155px\"\/><\/a><\/figure>\n\n\n\n<figure class=\"extendedwopts-md-center wp-block-image is-resized\"><a href=\"https:\/\/www.gov.br\/capes\/pt-br\"><img decoding=\"async\" src=\"https:\/\/even3.blob.core.windows.net\/pagina-evento\/logo-original-fundo-claro.cc81068bc2d74036b188.jpg\" alt=\"\" style=\"width:155px\"\/><\/a><\/figure>\n\n\n\n<figure class=\"extendedwopts-md-center wp-block-image is-resized\"><a href=\"https:\/\/fapesq.rpp.br\/\"><img decoding=\"async\" src=\"https:\/\/even3.blob.core.windows.net\/pagina-evento\/fapesq-logo.33d4d54aad994ad5bb2c.jpg\" alt=\"\" style=\"width:155px\"\/><\/a><\/figure>\n\n\n\n<figure class=\"extendedwopts-md-center wp-block-image is-resized\"><a href=\"https:\/\/www.cchla.ufpb.br\/lacon\/\"><img decoding=\"async\" src=\"https:\/\/even3.blob.core.windows.net\/pagina-evento\/Picture1.c72fe0bdc1bb42fcb4f8.png\" alt=\"\" style=\"width:155px\"\/><\/a><\/figure>\n","protected":false},"excerpt":{"rendered":"<p>Evento promovido pela linha de pesquisa Sem\u00e2ntica, Gram\u00e1tica e Cogni\u00e7\u00e3o do PROLING est\u00e1 com submiss\u00e3o de trabalhos aberta. O II Col\u00f3quio de Sem\u00e2ntica \u00e9 um evento nacional e ser\u00e1 realizado presencialmente na Universidade Federal da Para\u00edba (UFPB) em Jo\u00e3o Pessoa em parceria com a Associa\u00e7\u00e3o Brasileira de Lingu\u00edstica (ABRALIN), entre os dias 12 e 14&hellip;&nbsp;<a href=\"https:\/\/www.cchla.ufpb.br\/proling\/noticia\/ii-coloquio-em-semantica\/\" rel=\"bookmark\">Continue a ler &raquo;<span class=\"screen-reader-text\">II Col\u00f3quio em Sem\u00e2ntica<\/span><\/a><\/p>\n","protected":false},"author":3,"featured_media":1636,"comment_status":"closed","ping_status":"open","sticky":false,"template":"","format":"standard","meta":{"neve_meta_sidebar":"","neve_meta_container":"","neve_meta_enable_content_width":"","neve_meta_content_width":0,"neve_meta_title_alignment":"","neve_meta_author_avatar":"","neve_post_elements_order":"[\"title\",\"content\",\"tags\",\"comments\"]","neve_meta_disable_header":"","neve_meta_disable_footer":"","neve_meta_disable_title":"","footnotes":""},"categories":[6,5],"tags":[],"class_list":["post-1635","post","type-post","status-publish","format-standard","has-post-thumbnail","hentry","category-destaques","category-noticia"],"featured_image_src":"https:\/\/www.cchla.ufpb.br\/proling\/wp-content\/uploads\/2024\/07\/ColSem2.png","author_info":{"display_name":"Proling","author_link":"https:\/\/www.cchla.ufpb.br\/proling\/author\/secprol\/"},"_links":{"self":[{"href":"https:\/\/www.cchla.ufpb.br\/proling\/wp-json\/wp\/v2\/posts\/1635","targetHints":{"allow":["GET"]}}],"collection":[{"href":"https:\/\/www.cchla.ufpb.br\/proling\/wp-json\/wp\/v2\/posts"}],"about":[{"href":"https:\/\/www.cchla.ufpb.br\/proling\/wp-json\/wp\/v2\/types\/post"}],"author":[{"embeddable":true,"href":"https:\/\/www.cchla.ufpb.br\/proling\/wp-json\/wp\/v2\/users\/3"}],"replies":[{"embeddable":true,"href":"https:\/\/www.cchla.ufpb.br\/proling\/wp-json\/wp\/v2\/comments?post=1635"}],"version-history":[{"count":3,"href":"https:\/\/www.cchla.ufpb.br\/proling\/wp-json\/wp\/v2\/posts\/1635\/revisions"}],"predecessor-version":[{"id":1640,"href":"https:\/\/www.cchla.ufpb.br\/proling\/wp-json\/wp\/v2\/posts\/1635\/revisions\/1640"}],"wp:featuredmedia":[{"embeddable":true,"href":"https:\/\/www.cchla.ufpb.br\/proling\/wp-json\/wp\/v2\/media\/1636"}],"wp:attachment":[{"href":"https:\/\/www.cchla.ufpb.br\/proling\/wp-json\/wp\/v2\/media?parent=1635"}],"wp:term":[{"taxonomy":"category","embeddable":true,"href":"https:\/\/www.cchla.ufpb.br\/proling\/wp-json\/wp\/v2\/categories?post=1635"},{"taxonomy":"post_tag","embeddable":true,"href":"https:\/\/www.cchla.ufpb.br\/proling\/wp-json\/wp\/v2\/tags?post=1635"}],"curies":[{"name":"wp","href":"https:\/\/api.w.org\/{rel}","templated":true}]}}