{"id":2495,"date":"2025-06-18T18:19:40","date_gmt":"2025-06-18T21:19:40","guid":{"rendered":"https:\/\/www.cchla.ufpb.br\/proling\/?p=2495"},"modified":"2025-08-16T09:40:41","modified_gmt":"2025-08-16T12:40:41","slug":"edital-04-2024-matricula-de-alunosas-especiais","status":"publish","type":"post","link":"https:\/\/www.cchla.ufpb.br\/proling\/noticia\/edital-04-2024-matricula-de-alunosas-especiais\/","title":{"rendered":"Edital 04\/2025 &#8211; Matr\u00edcula de Alunos(as) Especiais"},"content":{"rendered":"\n<h2 class=\"wp-block-heading\">Resultado Preliminar:<\/h2>\n\n\n\n<p>Divulgamos em anexo a lista dos candidados classificados para matr\u00edcula como aluno especial em disciplinas isoladas do PROLING.<\/p>\n\n\n\n<p>Os pedidos de reconsidera\u00e7\u00e3o do resultado devem ser encaminhados entre 23 e 24 de julho de 2025, diretamente para o e-mail do Programa: proling@cchla.ufpb.br<\/p>\n\n\n<div style=\"gap: 20px;\" class=\"align-button-center ub-buttons orientation-button-row ub-flex-wrap wp-block-ub-button\" id=\"ub-button-34b459b9-f4d6-42aa-b9cf-7c7f47fcd035\"><div class=\"ub-button-container ub-button-full-container\">\n\t\t\t<a href=\"https:\/\/sig-arq.ufpb.br\/arquivos\/2025048089fb717793137a1e84966dca9\/Alunos_Especiais_2025.2.pdf\" target=\"_blank\" rel=\"noopener noreferrer\" class=\"ub-button-block-main  ub-button-full-width \" role=\"button\" style=\"--ub-button-background-color: #7bdcb5; --ub-button-color: #ffffff; --ub-button-border: none; --ub-button-hover-background-color: #abb8c3; --ub-button-hover-color: #ffffff; --ub-button-hover-border: none; padding-top: 10px; padding-right: 10px; padding-bottom: 10px; padding-left: 10px; border-radius: 10px; \">\n\t\t\t\t<div class=\"ub-button-content-holder\" style=\"flex-direction: row\">\n\t\t\t\t\t<span class=\"ub-button-block-btn\"><strong>Edital 04\/2025 &#8211; Resultado Preliminar<\/strong><\/span>\n\t\t\t\t<\/div>\n\t\t\t<\/a>\n\t\t<\/div><\/div>\n\n\n<p><\/p>\n\n\n\n<p><\/p>\n\n\n\n<p><strong>O Programa de P\u00f3s-Gradua\u00e7\u00e3o em Lingu\u00edstica ofertar\u00e1, para o per\u00edodo 2025.2, 40 vagas para alunos(as) especiais.<\/strong><\/p>\n\n\n\n<p>Cada candidato (a) a Aluno (a) Especial poder\u00e1 se candidatar em apenas 01(uma) disciplina.<\/p>\n\n\n\n<p>A aceita\u00e7\u00e3o de Aluno Especial fica condicionada \u00e0 aprova\u00e7\u00e3o pelo\/a docente de cada disciplina.<\/p>\n\n\n\n<p>A disponibilidade de vagas por componente curricular est\u00e1 indicada no quadro abaixo.<\/p>\n\n\n\n<p>50% das vagas est\u00e3o reservadas para candidatos autodeclarados e oriundos da popula\u00e7\u00e3o negra, povos ind\u00edgenas, povos e comunidades tradicionais e pessoas com defici\u00eancia.<\/p>\n\n\n\n<p><strong>Componentes Curriculares 202<\/strong><strong>5.2<\/strong><\/p>\n\n\n\n<figure class=\"wp-block-table\"><table class=\"has-fixed-layout\"><tbody><tr><td><strong>Componente<\/strong><\/td><td><strong>Respons\u00e1vel(is)<\/strong><\/td><td><strong>Hor\u00e1rio<\/strong><\/td><td><strong>Vagas<\/strong><\/td><\/tr><tr><td><strong>SLING0044 &#8211; FUNDAMENTOS EM LINGU\u00cdSTICA COGNITIVA<\/strong><\/td><td>Jan Edson Rodrigues Leite &nbsp;<\/td><td>4M2345 (4 cr\u00e9ditos)<\/td><td>04<\/td><\/tr><tr><td><strong>SLING0088- T\u00d3PICOS EM LINGU\u00cdSTICA APLICADA<\/strong><\/td><td>Elaine Espindola Baldissera<\/td><td>3T3456 (4 cr\u00e9ditos<strong>)<\/strong><\/td><td>03<\/td><\/tr><tr><td><strong>SLING0092 &#8211; FUNDAMENTOS EM AQUISI\u00c7\u00c3O DA LINGUAGEM<\/strong><\/td><td>Evangelina Faria<\/td><td>5M2345 (4 cr\u00e9ditos)<\/td><td>08<\/td><\/tr><tr><td><strong>SLING0104 &#8211; SEMIN\u00c1RIOS AVAN\u00c7ADOS EM FON\u00c9TICA EXPERIMENTAL<\/strong><\/td><td>Maria Fabiana Bonfim de Lima Silva <strong>&nbsp;<\/strong><\/td><td>2T3456 (4 cr\u00e9ditos)<strong><\/strong><\/td><td>03<\/td><\/tr><tr><td><strong>LING00230 &#8211; FUNDAMENTOS EM TEORIAS DO DISCURSO<\/strong><\/td><td>Laur\u00eania Souto Sales Pedro Farias Francelino<\/td><td>5T3456 (4 cr\u00e9ditos)<\/td><td>03<\/td><\/tr><tr><td><strong>LING00235 &#8211; T\u00d3PICOS EM SOCIOLINGU\u00cdSTICA<\/strong><strong><\/strong><\/td><td>Henrique Miguel de Lima Silva &nbsp;<\/td><td>4N31234 (4 cr\u00e9ditos)<\/td><td>04<\/td><\/tr><tr><td><strong>LING00236 &#8211; T\u00d3PICOS EM TEORIAS DO DISCURSO I<\/strong><\/td><td>Maria Regina Baracuhy Leite &nbsp;<\/td><td>4T3456 (4 cr\u00e9ditos)<\/td><td>05<\/td><\/tr><tr><td><strong>LING00239 &#8211; T\u00d3PICOS AVAN\u00c7ADOS I &#8211; AQUISI\u00c7\u00c3O E PROCESSAMENTO LINGU\u00cdSTICO<\/strong><\/td><td>D\u00e9bora Vasconcelos Correia &nbsp;<\/td><td>5M23 (2 cr\u00e9ditos)<\/td><td>10<\/td><\/tr><\/tbody><\/table><\/figure>\n\n\n<div style=\"gap: 20px;\" class=\"align-button-center ub-buttons orientation-button-row ub-flex-wrap wp-block-ub-button\" id=\"ub-button-0eee124c-33bf-4a20-b928-7eaaf08e8c57\"><div class=\"ub-button-container ub-button-full-container\">\n\t\t\t<a href=\"https:\/\/sigaa.ufpb.br\/publico\/processo-seletivo\/editais\/41263707\" target=\"_blank\" rel=\"noopener noreferrer\" class=\"ub-button-block-main  ub-button-full-width \" role=\"button\" style=\"--ub-button-background-color: #00d084; --ub-button-color: #ffffff; --ub-button-border: none; --ub-button-hover-background-color: #abb8c3; --ub-button-hover-color: #ffffff; --ub-button-hover-border: none; padding-top: 10px; padding-right: 10px; padding-bottom: 10px; padding-left: 10px; border-top-left-radius: 10px;; border-top-right-radius: 10px;; border-bottom-left-radius: 10px;; border-bottom-right-radius: 10px;; \">\n\t\t\t\t<div class=\"ub-button-content-holder\" style=\"flex-direction: row\">\n\t\t\t\t\t<span class=\"ub-button-block-btn\"><strong>Edital e Inscri\u00e7\u00f5es<\/strong>      <\/span>\n\t\t\t\t<\/div>\n\t\t\t<\/a>\n\t\t<\/div><\/div>\n\n\n<p><\/p>\n","protected":false},"excerpt":{"rendered":"<p>Resultado Preliminar: Divulgamos em anexo a lista dos candidados classificados para matr\u00edcula como aluno especial em disciplinas isoladas do PROLING. Os pedidos de reconsidera\u00e7\u00e3o do resultado devem ser encaminhados entre 23 e 24 de julho de 2025, diretamente para o e-mail do Programa: proling@cchla.ufpb.br O Programa de P\u00f3s-Gradua\u00e7\u00e3o em Lingu\u00edstica ofertar\u00e1, para o per\u00edodo 2025.2,&hellip;&nbsp;<a href=\"https:\/\/www.cchla.ufpb.br\/proling\/noticia\/edital-04-2024-matricula-de-alunosas-especiais\/\" rel=\"bookmark\">Continue a ler &raquo;<span class=\"screen-reader-text\">Edital 04\/2025 &#8211; Matr\u00edcula de Alunos(as) Especiais<\/span><\/a><\/p>\n","protected":false},"author":3,"featured_media":2496,"comment_status":"closed","ping_status":"open","sticky":false,"template":"","format":"standard","meta":{"neve_meta_sidebar":"","neve_meta_container":"","neve_meta_enable_content_width":"","neve_meta_content_width":0,"neve_meta_title_alignment":"","neve_meta_author_avatar":"","neve_post_elements_order":"[\"title\",\"content\",\"tags\",\"comments\"]","neve_meta_disable_header":"","neve_meta_disable_footer":"","neve_meta_disable_title":"","footnotes":""},"categories":[6,5],"tags":[],"class_list":["post-2495","post","type-post","status-publish","format-standard","has-post-thumbnail","hentry","category-destaques","category-noticia"],"featured_image_src":"https:\/\/www.cchla.ufpb.br\/proling\/wp-content\/uploads\/2025\/06\/proling-1.png","author_info":{"display_name":"Proling","author_link":"https:\/\/www.cchla.ufpb.br\/proling\/author\/secprol\/"},"_links":{"self":[{"href":"https:\/\/www.cchla.ufpb.br\/proling\/wp-json\/wp\/v2\/posts\/2495","targetHints":{"allow":["GET"]}}],"collection":[{"href":"https:\/\/www.cchla.ufpb.br\/proling\/wp-json\/wp\/v2\/posts"}],"about":[{"href":"https:\/\/www.cchla.ufpb.br\/proling\/wp-json\/wp\/v2\/types\/post"}],"author":[{"embeddable":true,"href":"https:\/\/www.cchla.ufpb.br\/proling\/wp-json\/wp\/v2\/users\/3"}],"replies":[{"embeddable":true,"href":"https:\/\/www.cchla.ufpb.br\/proling\/wp-json\/wp\/v2\/comments?post=2495"}],"version-history":[{"count":6,"href":"https:\/\/www.cchla.ufpb.br\/proling\/wp-json\/wp\/v2\/posts\/2495\/revisions"}],"predecessor-version":[{"id":2516,"href":"https:\/\/www.cchla.ufpb.br\/proling\/wp-json\/wp\/v2\/posts\/2495\/revisions\/2516"}],"wp:featuredmedia":[{"embeddable":true,"href":"https:\/\/www.cchla.ufpb.br\/proling\/wp-json\/wp\/v2\/media\/2496"}],"wp:attachment":[{"href":"https:\/\/www.cchla.ufpb.br\/proling\/wp-json\/wp\/v2\/media?parent=2495"}],"wp:term":[{"taxonomy":"category","embeddable":true,"href":"https:\/\/www.cchla.ufpb.br\/proling\/wp-json\/wp\/v2\/categories?post=2495"},{"taxonomy":"post_tag","embeddable":true,"href":"https:\/\/www.cchla.ufpb.br\/proling\/wp-json\/wp\/v2\/tags?post=2495"}],"curies":[{"name":"wp","href":"https:\/\/api.w.org\/{rel}","templated":true}]}}