{"id":2529,"date":"2025-08-11T18:34:20","date_gmt":"2025-08-11T21:34:20","guid":{"rendered":"https:\/\/www.cchla.ufpb.br\/proling\/?p=2529"},"modified":"2025-08-16T09:41:16","modified_gmt":"2025-08-16T12:41:16","slug":"5o-seminario-de-estudos-linguisticos-do-proling-selip-1a-circular","status":"publish","type":"post","link":"https:\/\/www.cchla.ufpb.br\/proling\/noticia\/5o-seminario-de-estudos-linguisticos-do-proling-selip-1a-circular\/","title":{"rendered":"5\u00ba Semin\u00e1rio de Estudos Lingu\u00edsticos do PROLING (SELIP) &#8211; 1\u00aa CIRCULAR"},"content":{"rendered":"\n<p>O Programa de P\u00f3s-Gradua\u00e7\u00e3o em Lingu\u00edstica (PROLING) da Universidade Federal da Para\u00edba (UFPB) convida estudantes de gradua\u00e7\u00e3o, graduados(as), p\u00f3s-graduandos(as) e demais interessados em pesquisas sobre a linguagem e suas interfaces a participarem do <strong>5\u00ba<\/strong> <strong>Semin\u00e1rio de Estudos Lingu\u00edsticos do PROLING (SELIP)<\/strong>, a ser realizado entre os dias <strong>10<\/strong> <strong>e 12 de setembro de 2025<\/strong>, no <em><strong>Campus<\/strong><\/em><strong> I da UFPB<\/strong>, em Jo\u00e3o Pessoa\/PB.<\/p>\n\n\n\n<p>O evento tem como objetivo criar um espa\u00e7o de apresenta\u00e7\u00e3o e discuss\u00e3o das pesquisas em andamento no PROLING, abrangendo suas diferentes \u00e1reas de concentra\u00e7\u00e3o e linhas de pesquisa, assim como ampliar o di\u00e1logo com a gradua\u00e7\u00e3o e com a comunidade acad\u00eamica.<\/p>\n\n\n\n<p>As <strong>inscri\u00e7\u00f5es para ouvintes ser\u00e3o gratuitas<\/strong> e poder\u00e3o ser realizadas entre os dias <strong>18<\/strong> <strong>de agosto e 08 de setembro de 2025<\/strong>, atrav\u00e9s da plataforma Even3 (https:\/\/www.even3.com.br\/selip2025-612866).<\/p>\n\n\n\n<p>As <strong>inscri\u00e7\u00f5es para a apresenta\u00e7\u00e3o de trabalhos <\/strong>ocorrer\u00e3o de <strong>18 a 22 de agosto de<\/strong> <strong>2025<\/strong>, tamb\u00e9m pela plataforma Even3 (https:\/\/www.even3.com.br\/selip2025-612866). Ser\u00e1 cobrada uma taxa de <strong>R$17,99 <\/strong>(dezessete reais e noventa e nove centavos) pelas submiss\u00f5es de resumos, os quais ser\u00e3o posteriormente publicados nos anais do evento.<\/p>\n\n\n\n<h2 class=\"wp-block-heading\"><a href=\"https:\/\/sig-arq.ufpb.br\/arquivos\/202501021842ab7855049e892e7b782d1\/SELIP_2025_-_1_CIRCULAR.pdf\">Leia aqui a 1\u00aa Circular<\/a><\/h2>\n\n\n\n<p><\/p>\n","protected":false},"excerpt":{"rendered":"<p>O Programa de P\u00f3s-Gradua\u00e7\u00e3o em Lingu\u00edstica (PROLING) da Universidade Federal da Para\u00edba (UFPB) convida estudantes de gradua\u00e7\u00e3o, graduados(as), p\u00f3s-graduandos(as) e demais interessados em pesquisas sobre a linguagem e suas interfaces a participarem do 5\u00ba Semin\u00e1rio de Estudos Lingu\u00edsticos do PROLING (SELIP), a ser realizado entre os dias 10 e 12 de setembro de 2025, no&hellip;&nbsp;<a href=\"https:\/\/www.cchla.ufpb.br\/proling\/noticia\/5o-seminario-de-estudos-linguisticos-do-proling-selip-1a-circular\/\" rel=\"bookmark\">Continue a ler &raquo;<span class=\"screen-reader-text\">5\u00ba Semin\u00e1rio de Estudos Lingu\u00edsticos do PROLING (SELIP) &#8211; 1\u00aa CIRCULAR<\/span><\/a><\/p>\n","protected":false},"author":3,"featured_media":2530,"comment_status":"closed","ping_status":"open","sticky":false,"template":"","format":"standard","meta":{"neve_meta_sidebar":"","neve_meta_container":"","neve_meta_enable_content_width":"","neve_meta_content_width":0,"neve_meta_title_alignment":"","neve_meta_author_avatar":"","neve_post_elements_order":"[\"title\",\"content\",\"tags\",\"comments\"]","neve_meta_disable_header":"","neve_meta_disable_footer":"","neve_meta_disable_title":"","footnotes":""},"categories":[6,5],"tags":[],"class_list":["post-2529","post","type-post","status-publish","format-standard","has-post-thumbnail","hentry","category-destaques","category-noticia"],"featured_image_src":"https:\/\/www.cchla.ufpb.br\/proling\/wp-content\/uploads\/2025\/08\/selip2025.jpeg","author_info":{"display_name":"Proling","author_link":"https:\/\/www.cchla.ufpb.br\/proling\/author\/secprol\/"},"_links":{"self":[{"href":"https:\/\/www.cchla.ufpb.br\/proling\/wp-json\/wp\/v2\/posts\/2529","targetHints":{"allow":["GET"]}}],"collection":[{"href":"https:\/\/www.cchla.ufpb.br\/proling\/wp-json\/wp\/v2\/posts"}],"about":[{"href":"https:\/\/www.cchla.ufpb.br\/proling\/wp-json\/wp\/v2\/types\/post"}],"author":[{"embeddable":true,"href":"https:\/\/www.cchla.ufpb.br\/proling\/wp-json\/wp\/v2\/users\/3"}],"replies":[{"embeddable":true,"href":"https:\/\/www.cchla.ufpb.br\/proling\/wp-json\/wp\/v2\/comments?post=2529"}],"version-history":[{"count":1,"href":"https:\/\/www.cchla.ufpb.br\/proling\/wp-json\/wp\/v2\/posts\/2529\/revisions"}],"predecessor-version":[{"id":2531,"href":"https:\/\/www.cchla.ufpb.br\/proling\/wp-json\/wp\/v2\/posts\/2529\/revisions\/2531"}],"wp:featuredmedia":[{"embeddable":true,"href":"https:\/\/www.cchla.ufpb.br\/proling\/wp-json\/wp\/v2\/media\/2530"}],"wp:attachment":[{"href":"https:\/\/www.cchla.ufpb.br\/proling\/wp-json\/wp\/v2\/media?parent=2529"}],"wp:term":[{"taxonomy":"category","embeddable":true,"href":"https:\/\/www.cchla.ufpb.br\/proling\/wp-json\/wp\/v2\/categories?post=2529"},{"taxonomy":"post_tag","embeddable":true,"href":"https:\/\/www.cchla.ufpb.br\/proling\/wp-json\/wp\/v2\/tags?post=2529"}],"curies":[{"name":"wp","href":"https:\/\/api.w.org\/{rel}","templated":true}]}}